{"id":43310,"date":"2023-04-10T00:00:22","date_gmt":"2023-04-10T03:00:22","guid":{"rendered":"https:\/\/vocesdebaires.com.ar\/?p=43310"},"modified":"2023-04-09T22:45:02","modified_gmt":"2023-04-10T01:45:02","slug":"reconocimiento-a-las-autoridades-del-gobierno-de-la-ciudad","status":"publish","type":"post","link":"https:\/\/vocesdebaires.com.ar\/index.php\/2023\/04\/10\/reconocimiento-a-las-autoridades-del-gobierno-de-la-ciudad\/","title":{"rendered":"Reconocimiento a las autoridades del Gobierno de la Ciudad"},"content":{"rendered":"<p>En junio de 2022 el Gobierno de la Ciudad Aut\u00f3noma de Buenos Aires gan\u00f3 el premio Roger Kaufman Award por la gesti\u00f3n en el Barrio 31 durante la pandemia de COVID 19, en la categor\u00eda Performance Under Pandemic. El d\u00eda martes 4 de abril de 2023 se llev\u00f3 a cabo la ceremonia de entrega en el barrio, a la que asistieron el Dr. Mariano Bernardez, Director Ejecutivo de Kaufman Center y la International Society for Societal Performance (ISSP); y Mariana Sala, COO de Kaufman Center.<\/p>\n<p>Desde el Gobierno de la Ciudad recibieron el premio Mar\u00eda Migliore, Ministra de Desarrollo Humano y H\u00e1bitat; Diego Fern\u00e1ndez, ex Secretario de Integraci\u00f3n Social y Urbana y actual Secretario de Innovaci\u00f3n y Transformaci\u00f3n Digital; Tom\u00e1s Galmarini, Responsable del Proyecto de Integraci\u00f3n en Barrio 31; y Gabriel Battistella, Subsecretario de Atenci\u00f3n Primaria, Ambulatoria y Comunitaria. Adem\u00e1s, asistieron m\u00e1s de 70 personas que fueron parte del trabajo territorial de aquel momento y vecinos y vecinas del barrio que estuvieron a disposici\u00f3n para contribuir con la situaci\u00f3n.<\/p>\n<p>La Ciudad consigui\u00f3 este reconocimiento por el trabajo articulado con el Ministerio de Salud de la Ciudad y de Naci\u00f3n, y con todos los vecinos del Barrio 31 durante la pandemia. Todo esto se di\u00f3 en el marco del Proyecto de Integraci\u00f3n que est\u00e1 transformando al barrio desde el a\u00f1o 2016: garantizando las mismas oportunidades y responsabilidades como sucede en toda la Ciudad de Buenos Aires.<\/p>\n<p>Gracias al trabajo en territorio, los resultados fueron s\u00f3lidos: m\u00e1s de 7.150 personas fueron asistidas bajo un acompa\u00f1amiento integral; m\u00e1s de 2.430 fueron mudadas a viviendas nuevas, seguras y accesibles; m\u00e1s de 22.600 raciones de comida fueron distribuidas por d\u00eda; dos encuentros semanales con l\u00edderes comunitarios, representantes pol\u00edticos y organizaciones; un canal de WhatsApp abierto con m\u00e1s de 9.195 vecinos contactados; 21 hs semanales de recorridos para difusi\u00f3n de informaci\u00f3n; respuestas a m\u00e1s de 12.350 reclamos en menos de 24 hs, entre otras. +<\/p>\n<p>De lo anterior, se resalta que el 5 de mayo de 2020 abri\u00f3 el primer Operativo DetectAr en el Barrio Mugica para el hisopado, testeo y aislamiento de los casos positivos. En menos de un mes, la curva de contagio cambi\u00f3 y a partir de ese momento, el DetectAr se volvi\u00f3 un ejemplo de \u00e9xito y se traslad\u00f3 a otros barrios y ciudades del pa\u00eds.<\/p>\n<p>El evento de entrega del Premio Kaufman se realiz\u00f3 en el Nuevo Centro Comunitario debajo de la Autopista Illia y cont\u00f3 con la presencia de todas las autoridades, vecinos del Barrio Mugica y todos los trabajadores que, en plena pandemia, no dejaron de lado sus responsabilidades y se acercaron al barrio para brindar contenci\u00f3n y acompa\u00f1amiento a la comunidad. \u00abEstamos muy orgullosos de ganar este premio porque junto al equipo y la comunidad demostramos, una vez m\u00e1s, que nuestro trabajo en el barrio lleg\u00f3 para quedarse, incluso en los momentos m\u00e1s duros y desafiantes\u00bb, expres\u00f3 Tom\u00e1s Galmarini, responsable del Proyecto de Integraci\u00f3n Social y Urbana del Barrio 31.<\/p>\n","protected":false},"excerpt":{"rendered":"<p>En junio de 2022 el Gobierno de la Ciudad Aut\u00f3noma de Buenos Aires gan\u00f3 el premio Roger Kaufman Award por la gesti\u00f3n en el Barrio 31 durante la pandemia de COVID 19, en la categor\u00eda Performance Under Pandemic. El d\u00eda martes 4 de abril de 2023 se llev\u00f3 a cabo la ceremonia de entrega en [&hellip;]<\/p>\n","protected":false},"author":3,"featured_media":43311,"comment_status":"open","ping_status":"open","sticky":false,"template":"","format":"standard","meta":{"_et_pb_use_builder":"","_et_pb_old_content":"","_et_gb_content_width":"","footnotes":""},"categories":[11,33],"tags":[],"class_list":["post-43310","post","type-post","status-publish","format-standard","has-post-thumbnail","hentry","category-ciudad","category-sociedad-y-cultura-2"],"_links":{"self":[{"href":"https:\/\/vocesdebaires.com.ar\/index.php\/wp-json\/wp\/v2\/posts\/43310"}],"collection":[{"href":"https:\/\/vocesdebaires.com.ar\/index.php\/wp-json\/wp\/v2\/posts"}],"about":[{"href":"https:\/\/vocesdebaires.com.ar\/index.php\/wp-json\/wp\/v2\/types\/post"}],"author":[{"embeddable":true,"href":"https:\/\/vocesdebaires.com.ar\/index.php\/wp-json\/wp\/v2\/users\/3"}],"replies":[{"embeddable":true,"href":"https:\/\/vocesdebaires.com.ar\/index.php\/wp-json\/wp\/v2\/comments?post=43310"}],"version-history":[{"count":1,"href":"https:\/\/vocesdebaires.com.ar\/index.php\/wp-json\/wp\/v2\/posts\/43310\/revisions"}],"predecessor-version":[{"id":43312,"href":"https:\/\/vocesdebaires.com.ar\/index.php\/wp-json\/wp\/v2\/posts\/43310\/revisions\/43312"}],"wp:featuredmedia":[{"embeddable":true,"href":"https:\/\/vocesdebaires.com.ar\/index.php\/wp-json\/wp\/v2\/media\/43311"}],"wp:attachment":[{"href":"https:\/\/vocesdebaires.com.ar\/index.php\/wp-json\/wp\/v2\/media?parent=43310"}],"wp:term":[{"taxonomy":"category","embeddable":true,"href":"https:\/\/vocesdebaires.com.ar\/index.php\/wp-json\/wp\/v2\/categories?post=43310"},{"taxonomy":"post_tag","embeddable":true,"href":"https:\/\/vocesdebaires.com.ar\/index.php\/wp-json\/wp\/v2\/tags?post=43310"}],"curies":[{"name":"wp","href":"https:\/\/api.w.org\/{rel}","templated":true}]}}