{"id":43318,"date":"2023-04-10T00:00:30","date_gmt":"2023-04-10T03:00:30","guid":{"rendered":"https:\/\/vocesdebaires.com.ar\/?p=43318"},"modified":"2023-04-09T22:59:17","modified_gmt":"2023-04-10T01:59:17","slug":"ciudadel-automovilismo-y-el-rock-nacional-son-de-interes-nacional","status":"publish","type":"post","link":"https:\/\/vocesdebaires.com.ar\/index.php\/2023\/04\/10\/ciudadel-automovilismo-y-el-rock-nacional-son-de-interes-nacional\/","title":{"rendered":"Ciudad:El automovilismo y el Rock Nacional, son de inter\u00e9s nacional"},"content":{"rendered":"<p>Los legisladores de la Ciudad declararon de Inter\u00e9s para el Deporte a la Asociaci\u00f3n Argentina de Volantes y de Inter\u00e9s para la Cultura a la banda Eruca Sativa. Las iniciativas fueron elaboradas por el legislador Juan Pablo Modarelli. Y ambos actos se desarrollaron en el Sal\u00f3n Dorado del Palacio Legislativo el pasado mi\u00e9rcoles.<br \/>\nEl primer acto cont\u00f3 con la presencia del gerente general Ruben Reboredo, el presidente y ex campe\u00f3n de automovilismo Juan Mar\u00eda Traverso y el vicepresidente Daniel Igoillo, adem\u00e1s del legislador .<\/p>\n<p>A su vez, el legislador Mat\u00edas L\u00f3pez le entreg\u00f3 la Personalidad Destacada en el \u00e1mbito del Deporte al ex piloto Osvaldo \u201cCocho\u201d L\u00f3pez, proyecto que se hab\u00eda aprobado en 2016. En el comienzo de las alocuciones y luego de dar la bienvenida a la Legislatura, Modarelli destac\u00f3: \u201cEs un verdadero orgullo placer, en t\u00e9rminos personales y en t\u00e9rminos de esta casa, poder reconocer por primera vez a la asociaci\u00f3n, que est\u00e1 pr\u00f3xima a cumplir 100 a\u00f1os. Y por primera vez en esos a\u00f1os, la Legislatura reconoce un trabajo, que es de esos que mucho no se ve\u201d.<\/p>\n<p>Mientras que Traverso recalc\u00f3 agradeci\u00f3 el reconocimiento \u201cen nombre de todos los pilotos de la Argentina\u201d. La Asociaci\u00f3n Argentina de Volantes (AAV) es una mutual sin fines de lucro, fundada el 17 de Septiembre de 1931 por pilotos automovil\u00edsticos, para atender las urgencias m\u00e9dicas de cada accidente en carrera, como competencias del Deporte Motor, Automovil\u00edsticas y Motocicl\u00edsticas. Desde entonces, es dirigida por ex pilotos y pilotos en actividad, quienes conocen sus verdaderas necesidades y las de sus familias.<\/p>\n<p>Los fondos acumulados a trav\u00e9s de m\u00e1s de 91 a\u00f1os est\u00e1n a resguardo para atender su objetivo rector, que es el cubrir las necesidades de los accidentados. Actualmente, se cubren mediante subsidios otorgados por la mutual a 15.000, siendo su especialidad un Subsidio M\u00e9dico Asistencial, que contempla tambi\u00e9n en su car\u00e1cter de Mutual todas las necesidades derivadas de los miembros.<\/p>\n<p>La AAV contempla todos los riesgos del Deporte Automotor en Competencia, que ninguna empresa privada cubre. Adem\u00e1s busca la seguridad de los pilotos, acompa\u00f1antes, mec\u00e1nicos y toda persona que tenga que ver con el Deporte Automotor, en m\u00e1s de 260 Categor\u00edas de Automovilismo y Motociclismo, a lo largo y ancho de la Rep\u00fablica Argentina.<\/p>\n<p>Luego, el Sal\u00f3n Dorado fue el escenario para el reconocimiento hacia la banda Eruca Sativa. All\u00ed estuvieron presentes el legislador, junto a los integrantes Luisina \u201cLula\u201d Bertoldi (guitarra y voz), Brenda Martin (bajo y voz) y Gabriel Pedernera (bater\u00eda y voz). Adem\u00e1s de que brindaron un show musical para los presentes.<br \/>\n\u201cEste hermoso tr\u00edo rockero hace muchos a\u00f1os que recorre la Argentina y habla de la Argentina en el mundo\u201d, subray\u00f3 el legislador.<\/p>\n<p>Adem\u00e1s recalc\u00f3 que Eruca es una banda \u201cque puede ser reconocida por su trayectoria, historia o arte. Pero tambi\u00e9n son artistas populares, los que leen a la sociedad que los rodea, se comprometen con ella y trabajan desde su lugar como artistas para transformarla\u201d. Lula Bertoldi agradeci\u00f3 el reconocimiento y enfatiz\u00f3: \u201cEstamos muy felices de recibir este homenaje y recordar siempre que la m\u00fasica es una herramienta de cambio social, cada canci\u00f3n es una oportunidad de cambiar algo\u201d.<\/p>\n<p>Tambi\u00e9n agreg\u00f3 que el \u00e9xito de ellos es \u201ctrabajar juntos, compartir la ruta, los caminos y la m\u00fasica como compa\u00f1eros de banda y hermanos\u201d. Por su parte, Martin puntualiz\u00f3 en la \u201cidentidad construida\u201d en Eruca Sativa \u201cy el haber logrado poner el mensaje y la m\u00fasica por encima de sus individualidades\u201d. Por \u00faltimo, Pedernera concluy\u00f3: \u201cMuchas gracias a la gente que hace posible esto\u201d. Eruca Sativa es una banda argentina de rock alternativo, formada en el a\u00f1o 2007 y su estilo particular fusiona distintos elementos del rock, el funk y el blues.<\/p>\n<p>La agrupaci\u00f3n cuenta con siete discos publicados. Por su historia en los escenarios tocaron en festivales como el Cosqu\u00edn Rock, Patria Grande y Baradero Rock, y compartieron espacio con bandas como Deep Purple, Almafuerte y Los Cafres. Adem\u00e1s fue reconocida como mejor grupo nacional en 2010 por el Suplemento S\u00ed del diario Clar\u00edn y estuvieron nominados en los Latin Grammy 2020 a mejor canci\u00f3n de rock por su sencillo \u201cCreo\u201d, entre otros logros.<\/p>\n","protected":false},"excerpt":{"rendered":"<p>Los legisladores de la Ciudad declararon de Inter\u00e9s para el Deporte a la Asociaci\u00f3n Argentina de Volantes y de Inter\u00e9s para la Cultura a la banda Eruca Sativa. Las iniciativas fueron elaboradas por el legislador Juan Pablo Modarelli. Y ambos actos se desarrollaron en el Sal\u00f3n Dorado del Palacio Legislativo el pasado mi\u00e9rcoles. El primer [&hellip;]<\/p>\n","protected":false},"author":2,"featured_media":43319,"comment_status":"open","ping_status":"open","sticky":false,"template":"","format":"standard","meta":{"_et_pb_use_builder":"","_et_pb_old_content":"","_et_gb_content_width":"","footnotes":""},"categories":[11,33],"tags":[],"class_list":["post-43318","post","type-post","status-publish","format-standard","has-post-thumbnail","hentry","category-ciudad","category-sociedad-y-cultura-2"],"_links":{"self":[{"href":"https:\/\/vocesdebaires.com.ar\/index.php\/wp-json\/wp\/v2\/posts\/43318"}],"collection":[{"href":"https:\/\/vocesdebaires.com.ar\/index.php\/wp-json\/wp\/v2\/posts"}],"about":[{"href":"https:\/\/vocesdebaires.com.ar\/index.php\/wp-json\/wp\/v2\/types\/post"}],"author":[{"embeddable":true,"href":"https:\/\/vocesdebaires.com.ar\/index.php\/wp-json\/wp\/v2\/users\/2"}],"replies":[{"embeddable":true,"href":"https:\/\/vocesdebaires.com.ar\/index.php\/wp-json\/wp\/v2\/comments?post=43318"}],"version-history":[{"count":1,"href":"https:\/\/vocesdebaires.com.ar\/index.php\/wp-json\/wp\/v2\/posts\/43318\/revisions"}],"predecessor-version":[{"id":43320,"href":"https:\/\/vocesdebaires.com.ar\/index.php\/wp-json\/wp\/v2\/posts\/43318\/revisions\/43320"}],"wp:featuredmedia":[{"embeddable":true,"href":"https:\/\/vocesdebaires.com.ar\/index.php\/wp-json\/wp\/v2\/media\/43319"}],"wp:attachment":[{"href":"https:\/\/vocesdebaires.com.ar\/index.php\/wp-json\/wp\/v2\/media?parent=43318"}],"wp:term":[{"taxonomy":"category","embeddable":true,"href":"https:\/\/vocesdebaires.com.ar\/index.php\/wp-json\/wp\/v2\/categories?post=43318"},{"taxonomy":"post_tag","embeddable":true,"href":"https:\/\/vocesdebaires.com.ar\/index.php\/wp-json\/wp\/v2\/tags?post=43318"}],"curies":[{"name":"wp","href":"https:\/\/api.w.org\/{rel}","templated":true}]}}