{"id":43321,"date":"2023-04-10T00:00:58","date_gmt":"2023-04-10T03:00:58","guid":{"rendered":"https:\/\/vocesdebaires.com.ar\/?p=43321"},"modified":"2023-04-09T23:03:04","modified_gmt":"2023-04-10T02:03:04","slug":"la-legislatura-declaro-de-interes-a-la-libreria-la-juglaresa","status":"publish","type":"post","link":"https:\/\/vocesdebaires.com.ar\/index.php\/2023\/04\/10\/la-legislatura-declaro-de-interes-a-la-libreria-la-juglaresa\/","title":{"rendered":"La legislatura: Declar\u00f3 de inter\u00e9s a la librer\u00eda La Juglaresa"},"content":{"rendered":"<p>El Cuerpo Legislativo de la Ciudad declar\u00f3 la semana pasada a la librer\u00eda La Juglaresa de Inter\u00e9s para la promoci\u00f3n de los derechos de las Mujeres y Diversidades. El acto se desarroll\u00f3 dentro del sal\u00f3n Presidente Alfons\u00edn y cont\u00f3 con la presencia de la due\u00f1a de la librer\u00eda Mariela Padula, adem\u00e1s de la legisladora y autora del proyecto Laura Velasco. \u201cHemos compartido con Mariela distintos caminos que van construyendo en particular lo que hace a la conciencia y a las acciones que van transformando nuestra sociedad y cultura, en relaci\u00f3n con la Educaci\u00f3n Sexual Integral\u201c, puntualiz\u00f3 Velasco.<\/p>\n<p>Y destac\u00f3 el rol de la librer\u00eda en esta materia. Por su parte, Padula agradeci\u00f3 el reconocimiento, rememor\u00f3 c\u00f3mo naci\u00f3 el establecimiento y subray\u00f3: \u201cLa literatura es algo que te mueve, te transforma e interpela\u201d. Adem\u00e1s resalt\u00f3 la importancia de la distinci\u00f3n en un espacio que est\u00e1 en una galer\u00eda comercial \u201cen el coraz\u00f3n de San Telmo\u201d y con lo que cuesta \u201cganar un espacio cultural y con perspectiva de g\u00e9nero y derecho\u201d.<\/p>\n<p>\u00abLa Juglaresa\u00bb es una librer\u00eda especializada en libros sobre g\u00e9neros, diversidades y ESI, ubicada en Defensa 1179, local 32, en el barrio de San Telmo. Sus pilares fundamentales son la perspectiva de g\u00e9nero y los derechos de las mujeres y diversidades. Entre sus objetivos se busca interpelar a cada persona en m\u00faltiples relatos, en especial a las infancias. Actualmente, la librer\u00eda adem\u00e1s funciona como un lugar de encuentro colectivo, donde dan talleres y charlas, con especial \u00e9nfasis en la Educaci\u00f3n Sexual Integral.<\/p>\n","protected":false},"excerpt":{"rendered":"<p>El Cuerpo Legislativo de la Ciudad declar\u00f3 la semana pasada a la librer\u00eda La Juglaresa de Inter\u00e9s para la promoci\u00f3n de los derechos de las Mujeres y Diversidades. El acto se desarroll\u00f3 dentro del sal\u00f3n Presidente Alfons\u00edn y cont\u00f3 con la presencia de la due\u00f1a de la librer\u00eda Mariela Padula, adem\u00e1s de la legisladora y [&hellip;]<\/p>\n","protected":false},"author":2,"featured_media":43322,"comment_status":"open","ping_status":"open","sticky":false,"template":"","format":"standard","meta":{"_et_pb_use_builder":"","_et_pb_old_content":"","_et_gb_content_width":"","footnotes":""},"categories":[11,33],"tags":[],"class_list":["post-43321","post","type-post","status-publish","format-standard","has-post-thumbnail","hentry","category-ciudad","category-sociedad-y-cultura-2"],"_links":{"self":[{"href":"https:\/\/vocesdebaires.com.ar\/index.php\/wp-json\/wp\/v2\/posts\/43321"}],"collection":[{"href":"https:\/\/vocesdebaires.com.ar\/index.php\/wp-json\/wp\/v2\/posts"}],"about":[{"href":"https:\/\/vocesdebaires.com.ar\/index.php\/wp-json\/wp\/v2\/types\/post"}],"author":[{"embeddable":true,"href":"https:\/\/vocesdebaires.com.ar\/index.php\/wp-json\/wp\/v2\/users\/2"}],"replies":[{"embeddable":true,"href":"https:\/\/vocesdebaires.com.ar\/index.php\/wp-json\/wp\/v2\/comments?post=43321"}],"version-history":[{"count":1,"href":"https:\/\/vocesdebaires.com.ar\/index.php\/wp-json\/wp\/v2\/posts\/43321\/revisions"}],"predecessor-version":[{"id":43323,"href":"https:\/\/vocesdebaires.com.ar\/index.php\/wp-json\/wp\/v2\/posts\/43321\/revisions\/43323"}],"wp:featuredmedia":[{"embeddable":true,"href":"https:\/\/vocesdebaires.com.ar\/index.php\/wp-json\/wp\/v2\/media\/43322"}],"wp:attachment":[{"href":"https:\/\/vocesdebaires.com.ar\/index.php\/wp-json\/wp\/v2\/media?parent=43321"}],"wp:term":[{"taxonomy":"category","embeddable":true,"href":"https:\/\/vocesdebaires.com.ar\/index.php\/wp-json\/wp\/v2\/categories?post=43321"},{"taxonomy":"post_tag","embeddable":true,"href":"https:\/\/vocesdebaires.com.ar\/index.php\/wp-json\/wp\/v2\/tags?post=43321"}],"curies":[{"name":"wp","href":"https:\/\/api.w.org\/{rel}","templated":true}]}}