{"id":43330,"date":"2023-04-10T00:00:08","date_gmt":"2023-04-10T03:00:08","guid":{"rendered":"https:\/\/vocesdebaires.com.ar\/?p=43330"},"modified":"2023-04-09T23:14:50","modified_gmt":"2023-04-10T02:14:50","slug":"subte-hoy-cierra-la-estacion-jujuy-por-obras-de-renovacion","status":"publish","type":"post","link":"https:\/\/vocesdebaires.com.ar\/index.php\/2023\/04\/10\/subte-hoy-cierra-la-estacion-jujuy-por-obras-de-renovacion\/","title":{"rendered":"Subte: Hoy cierra la estaci\u00f3n Jujuy por obras de renovaci\u00f3n"},"content":{"rendered":"<p>En el marco del Plan de Renovaci\u00f3n Integral de Estaciones llevado adelante por Subterr\u00e1neos de Buenos Aires S.E. (SBASE),hoy lunes 10 de abril cerrar\u00e1 la estaci\u00f3n Jujuy de la L\u00ednea E aproximadamente por dos meses, con el objetivo de mejorar la infraestructura existente y la experiencia de viaje de los usuarios y usuarias.<\/p>\n<p>Se trata de una renovaci\u00f3n integral que incluir\u00e1 trabajos de impermeabilizaci\u00f3n, pintura, recambio de luminarias, arreglo de pisos, trabajos de herrer\u00eda, reordenamiento del tendido el\u00e9ctrico, adecuaci\u00f3n de se\u00f1al\u00e9tica, colocaci\u00f3n de se\u00f1alizaci\u00f3n braille en pasamanos y p\u00f3rticos, y nuevo mobiliario en and\u00e9n, como bancos, cestos y apoyos isqui\u00e1ticos.<\/p>\n<p>De esta manera, se apunta a garantizar una mejor circulaci\u00f3n por las estaciones, al transformarlas en espacios m\u00e1s c\u00f3modos, ordenados y con mayor iluminaci\u00f3n.<br \/>\nDado que la estaci\u00f3n Jujuy combina con la L\u00ednea H, los pasajeros podr\u00e1n pedir un ticket de combinaci\u00f3n en las boleter\u00edas de las estaciones Urquiza y Pichincha o en Humberto 1\u00b0 de la L\u00ednea H.<\/p>\n<p>En el marco del mismo plan, se encuentran cerradas por obras las estaciones San Mart\u00edn (L\u00ednea C), Bulnes (L\u00ednea D), Castro Barros y Acoyte (L\u00ednea A). A su vez se est\u00e1 avanzando con trabajos en la estaci\u00f3n Facultad de Medicina que, por el momento, permanece abierta. La elecci\u00f3n y priorizaci\u00f3n de cada estaci\u00f3n se hizo en base a dos factores: la complejidad de los trabajos a realizar y la cantidad de pasajeros que circula por cada una de ellas.<\/p>\n","protected":false},"excerpt":{"rendered":"<p>En el marco del Plan de Renovaci\u00f3n Integral de Estaciones llevado adelante por Subterr\u00e1neos de Buenos Aires S.E. (SBASE),hoy lunes 10 de abril cerrar\u00e1 la estaci\u00f3n Jujuy de la L\u00ednea E aproximadamente por dos meses, con el objetivo de mejorar la infraestructura existente y la experiencia de viaje de los usuarios y usuarias. Se trata [&hellip;]<\/p>\n","protected":false},"author":2,"featured_media":43331,"comment_status":"open","ping_status":"open","sticky":false,"template":"","format":"standard","meta":{"_et_pb_use_builder":"","_et_pb_old_content":"","_et_gb_content_width":"","footnotes":""},"categories":[11,33],"tags":[],"class_list":["post-43330","post","type-post","status-publish","format-standard","has-post-thumbnail","hentry","category-ciudad","category-sociedad-y-cultura-2"],"_links":{"self":[{"href":"https:\/\/vocesdebaires.com.ar\/index.php\/wp-json\/wp\/v2\/posts\/43330"}],"collection":[{"href":"https:\/\/vocesdebaires.com.ar\/index.php\/wp-json\/wp\/v2\/posts"}],"about":[{"href":"https:\/\/vocesdebaires.com.ar\/index.php\/wp-json\/wp\/v2\/types\/post"}],"author":[{"embeddable":true,"href":"https:\/\/vocesdebaires.com.ar\/index.php\/wp-json\/wp\/v2\/users\/2"}],"replies":[{"embeddable":true,"href":"https:\/\/vocesdebaires.com.ar\/index.php\/wp-json\/wp\/v2\/comments?post=43330"}],"version-history":[{"count":1,"href":"https:\/\/vocesdebaires.com.ar\/index.php\/wp-json\/wp\/v2\/posts\/43330\/revisions"}],"predecessor-version":[{"id":43332,"href":"https:\/\/vocesdebaires.com.ar\/index.php\/wp-json\/wp\/v2\/posts\/43330\/revisions\/43332"}],"wp:featuredmedia":[{"embeddable":true,"href":"https:\/\/vocesdebaires.com.ar\/index.php\/wp-json\/wp\/v2\/media\/43331"}],"wp:attachment":[{"href":"https:\/\/vocesdebaires.com.ar\/index.php\/wp-json\/wp\/v2\/media?parent=43330"}],"wp:term":[{"taxonomy":"category","embeddable":true,"href":"https:\/\/vocesdebaires.com.ar\/index.php\/wp-json\/wp\/v2\/categories?post=43330"},{"taxonomy":"post_tag","embeddable":true,"href":"https:\/\/vocesdebaires.com.ar\/index.php\/wp-json\/wp\/v2\/tags?post=43330"}],"curies":[{"name":"wp","href":"https:\/\/api.w.org\/{rel}","templated":true}]}}