{"id":43338,"date":"2023-04-11T00:50:14","date_gmt":"2023-04-11T03:50:14","guid":{"rendered":"https:\/\/vocesdebaires.com.ar\/?p=43338"},"modified":"2023-04-11T00:50:14","modified_gmt":"2023-04-11T03:50:14","slug":"ciudadesta-abierta-las-proximas-actividades-de-amia-cultura","status":"publish","type":"post","link":"https:\/\/vocesdebaires.com.ar\/index.php\/2023\/04\/11\/ciudadesta-abierta-las-proximas-actividades-de-amia-cultura\/","title":{"rendered":"Ciudad:Esta abierta las pr\u00f3ximas actividades de AMIA Cultura"},"content":{"rendered":"<p>Se encuentra abierta la inscripci\u00f3n para los cursos y espect\u00e1culos que propone AMIA Cultura para realizar durante este mes y el pr\u00f3ximo. Para participar de las propuestas se requiere la inscripci\u00f3n previa en el sitio web www.cultura.amia.org.ar En la programaci\u00f3n se destacan el show musical de \u201cSax\u00f3patas Big Band\u201d (s\u00e1bado 22 de abril, a las 21:30), la obra de teatro \u201cLa bobe\u201d (jueves 4 de mayo, a las 20) y la presentaci\u00f3n del d\u00fao l\u00edrico \u201cTenoreon\u201d (jueves 11 de mayo, a las 20). Adem\u00e1s, en formato virtual y gratuito, este mes se proyectar\u00e1n las pel\u00edculas internacionales \u201cBerl\u00edn 36\u201d (Alemania) y \u201cStefan Zweig: Adi\u00f3s a Europa\u201d (Alemania).<\/p>\n<p><strong>La agenda tambi\u00e9n incluye las siguientes capacitaciones y conferencias virtuales:<\/strong><br \/>\n\u201cCuentos cl\u00e1sicos de la literatura rusa\u201d<br \/>\nVida y obra de los artistas literarios que se destacaron en la Rusia del siglo XIX.<br \/>\nInicio: Lunes 17\/4. 4 clases<br \/>\nDocente: Federico Von Baumbach<\/p>\n<p><strong>\u201cReligiones comparadas\u201d<\/strong><br \/>\n\u201cEn este curso se har\u00e1 foco en los temas esenciales y comunes de las religiones m\u00e1s relevantes en la humanidad, a trav\u00e9s de los m\u00e1s importantes exponentes del pensamiento\u201d, adelantaron desde AMIA Cultura.<br \/>\nInicio: Lunes 17\/4. 4 clases<br \/>\nDocente: Carlos Rua<\/p>\n<p><strong>\u201cHistoria de la filosof\u00eda cl\u00e1sica\u201d<\/strong><br \/>\nUn recorrido por el pensamiento cl\u00e1sico griego, desde los presocr\u00e1ticos, hasta S\u00f3crates, Plat\u00f3n, Arist\u00f3teles, Epic\u00fareos y Estoicos.<br \/>\nInicio: Martes 18\/4. 4 clases<br \/>\nDocente: Pablo J. Nicoletti<\/p>\n<p><strong>\u201cMuseos del Mundo\u201d<\/strong><br \/>\nEn convenio con la Universidad Museo Social Argentino (UMSA), se realizar\u00e1 una aproximaci\u00f3n a seis grandes museos del mundo: Louvre, Prado, MET, Malba, Frick Collection y el Museo del Fado.<br \/>\nInicio: Mi\u00e9rcoles 19\/4. 4 clases<br \/>\nDocente: Eduardo Tenconi Colonna<\/p>\n<p><strong>\u201cAprend\u00e9 portugu\u00e9s\u201d<\/strong><br \/>\nUn curso dirigido a quienes quieren aprender portugu\u00e9s en el nivel inicial.<br \/>\nInicio: Martes 2\/5. 6 clases.<br \/>\nDocente: Erika Liporaci<\/p>\n","protected":false},"excerpt":{"rendered":"<p>Se encuentra abierta la inscripci\u00f3n para los cursos y espect\u00e1culos que propone AMIA Cultura para realizar durante este mes y el pr\u00f3ximo. Para participar de las propuestas se requiere la inscripci\u00f3n previa en el sitio web www.cultura.amia.org.ar En la programaci\u00f3n se destacan el show musical de \u201cSax\u00f3patas Big Band\u201d (s\u00e1bado 22 de abril, a las [&hellip;]<\/p>\n","protected":false},"author":3,"featured_media":43339,"comment_status":"open","ping_status":"open","sticky":false,"template":"","format":"standard","meta":{"_et_pb_use_builder":"","_et_pb_old_content":"","_et_gb_content_width":"","footnotes":""},"categories":[11,33],"tags":[],"class_list":["post-43338","post","type-post","status-publish","format-standard","has-post-thumbnail","hentry","category-ciudad","category-sociedad-y-cultura-2"],"_links":{"self":[{"href":"https:\/\/vocesdebaires.com.ar\/index.php\/wp-json\/wp\/v2\/posts\/43338"}],"collection":[{"href":"https:\/\/vocesdebaires.com.ar\/index.php\/wp-json\/wp\/v2\/posts"}],"about":[{"href":"https:\/\/vocesdebaires.com.ar\/index.php\/wp-json\/wp\/v2\/types\/post"}],"author":[{"embeddable":true,"href":"https:\/\/vocesdebaires.com.ar\/index.php\/wp-json\/wp\/v2\/users\/3"}],"replies":[{"embeddable":true,"href":"https:\/\/vocesdebaires.com.ar\/index.php\/wp-json\/wp\/v2\/comments?post=43338"}],"version-history":[{"count":1,"href":"https:\/\/vocesdebaires.com.ar\/index.php\/wp-json\/wp\/v2\/posts\/43338\/revisions"}],"predecessor-version":[{"id":43340,"href":"https:\/\/vocesdebaires.com.ar\/index.php\/wp-json\/wp\/v2\/posts\/43338\/revisions\/43340"}],"wp:featuredmedia":[{"embeddable":true,"href":"https:\/\/vocesdebaires.com.ar\/index.php\/wp-json\/wp\/v2\/media\/43339"}],"wp:attachment":[{"href":"https:\/\/vocesdebaires.com.ar\/index.php\/wp-json\/wp\/v2\/media?parent=43338"}],"wp:term":[{"taxonomy":"category","embeddable":true,"href":"https:\/\/vocesdebaires.com.ar\/index.php\/wp-json\/wp\/v2\/categories?post=43338"},{"taxonomy":"post_tag","embeddable":true,"href":"https:\/\/vocesdebaires.com.ar\/index.php\/wp-json\/wp\/v2\/tags?post=43338"}],"curies":[{"name":"wp","href":"https:\/\/api.w.org\/{rel}","templated":true}]}}