{"id":43347,"date":"2023-04-11T01:00:54","date_gmt":"2023-04-11T04:00:54","guid":{"rendered":"https:\/\/vocesdebaires.com.ar\/?p=43347"},"modified":"2023-04-11T01:00:54","modified_gmt":"2023-04-11T04:00:54","slug":"pami-anuncio-ampliacion-del-vademecum-de-medicamentos-gratis","status":"publish","type":"post","link":"https:\/\/vocesdebaires.com.ar\/index.php\/2023\/04\/11\/pami-anuncio-ampliacion-del-vademecum-de-medicamentos-gratis\/","title":{"rendered":"PAMI: Anunci\u00f3 ampliaci\u00f3n del Vadem\u00e9cum de medicamentos gratis"},"content":{"rendered":"<p>PAMI realiz\u00f3 un encuentro con m\u00e1s de 100 empresas de la industria farmac\u00e9utica nacional para analizar el impacto de la cobertura de medicamentos de la obra social; all\u00ed la directora ejecutiva de PAMI, Luana Volnovich, dialog\u00f3 con el sector, representado por Eduardo Macchiavello, presidente de CILFA y Marcelo Burstein, presidente de COOPERALA, sobre la importancia de la colaboraci\u00f3n p\u00fablico privada, el aporte a la econom\u00eda nacional y las ventajas del Plan de Medicamentos<\/p>\n<p>Gratis en m\u00e1s de 4 millones de afiliados. Adem\u00e1s, la funcionaria anunci\u00f3 la ampliaci\u00f3n del programa de Medicamentos Gratis de PAMI con 200 nuevas presentaciones que cubren tratamientos frecuentes en personas mayores y que se suman a las m\u00e1s de 3500 marcas comerciales del vadem\u00e9cum vigente cien por ciento gratuito. La inversi\u00f3n estimada para el corriente a\u00f1o en la cobertura de medicamentos gratuitos es de 2.500 millones de pesos, a valores actuales.<\/p>\n<p>En marzo del 2020, PAMI implement\u00f3 Medicamentos Gratis, una medida que permite que m\u00e1s de 4 millones de afiliadas y afiliados de todo el pa\u00eds accedan a un ahorro mensual promedio de $11.500. Con las medidas tomadas desde 2019 a la fecha, PAMI brinda la m\u00e1s amplia cobertura de medicamentos del pa\u00eds. \u00abLogramos con responsabilidad e inteligencia una articulaci\u00f3n p\u00fablico privada que nos permite demostrar hoy que nuestra pol\u00edtica y el PAMI son sustentables\u00bb, dijo la directora de PAMI Luana Volnovich, y agreg\u00f3 que \u00abpor eso tambi\u00e9n podemos anunciar esta ampliaci\u00f3n en el listado de medicamentos que nos permite garantizar el acceso a la salud de todas las y los afiliados\u00bb.<\/p>\n<p>\u201cEntre todos pudimos llevar adelante la pol\u00edtica de Medicamentos Gratis, que hace que el PAMI cuente, comparado con cualquier obra social o prepaga, con la mejor cobertura de medicamentos\u201d, afirm\u00f3 la titular de PAMI durante el acto realizado con las empresas farmac\u00e9uticas. Durante la jornada se resalt\u00f3 la importancia del trabajo conjunto entre la industria -que permiti\u00f3 generar empleo, innovaci\u00f3n cient\u00edfica y tecnol\u00f3gica- y la seguridad social, que con su modelo de cobertura de medicamentos garantiza el derecho de acceso a la salud para m\u00e1s de 5 millones de afiliados y afiliadas de PAMI. Se trata de la primera vez en d\u00e9cadas que se desarrolla una instancia de balance entre la obra social y los laboratorios argentinos.<\/p>\n<p>\u00abEn pocos momentos de su historia el PAMI estuvo tan ordenado como ahora\u00bb, afirm\u00f3 Macchiavello y agreg\u00f3 que \u00abla actual gesti\u00f3n de PAMI ha marcado un hito; por ejemplo, es in\u00e9dito que la obra social logre un super\u00e1vit\u00bb. Por su parte, las c\u00e1maras y asociaciones del sector afirmaron en un comunicado que \u00abel trabajo coordinado junto a PAMI, el financiamiento y las condiciones adecuadas, nos han permitido mejorar la cantidad y la calidad de la cobertura que brindamos a la obra social m\u00e1s grande de Am\u00e9rica Latina\u00bb.<\/p>\n<p>\u00abEl acuerdo de medicamentos fortalece la producci\u00f3n de la industria farmac\u00e9utica, dota de previsibilidad para la dispensa de medicamentos de la red PAMI y fue posible gracias a que la actual gesti\u00f3n de la obra social viene garantizando, desde un principio, la regularidad, en tiempo y forma, de cada uno de los pagos\u00bb, agregaron los representantes de la industria en un documento publicado recientemente.<\/p>\n<p>En el encuentro estuvieron presentes representantes de asociaciones e instituciones farmac\u00e9uticas como la C\u00e1mara Industrial de Laboratorios Farmac\u00e9uticos Argentinos (CILFA), la C\u00e1mara Empresaria de Laboratorios Farmac\u00e9uticos (COOPERALA) y de laboratorios argentinos. Entre ellos, Eduardo Franciosi, director ejecutivo de CILFA; Claudio Riganti, apoderado y gerente de asuntos econ\u00f3micos de CILFA, y Juan Marconi, director ejecutivo de COOPERALA. Adem\u00e1s, participaron el subdirector ejecutivo de PAMI, Mart\u00edn Rodr\u00edguez y autoridades de la obra social.<\/p>\n","protected":false},"excerpt":{"rendered":"<p>PAMI realiz\u00f3 un encuentro con m\u00e1s de 100 empresas de la industria farmac\u00e9utica nacional para analizar el impacto de la cobertura de medicamentos de la obra social; all\u00ed la directora ejecutiva de PAMI, Luana Volnovich, dialog\u00f3 con el sector, representado por Eduardo Macchiavello, presidente de CILFA y Marcelo Burstein, presidente de COOPERALA, sobre la importancia [&hellip;]<\/p>\n","protected":false},"author":3,"featured_media":43348,"comment_status":"open","ping_status":"open","sticky":false,"template":"","format":"standard","meta":{"_et_pb_use_builder":"","_et_pb_old_content":"","_et_gb_content_width":"","footnotes":""},"categories":[11],"tags":[],"class_list":["post-43347","post","type-post","status-publish","format-standard","has-post-thumbnail","hentry","category-ciudad"],"_links":{"self":[{"href":"https:\/\/vocesdebaires.com.ar\/index.php\/wp-json\/wp\/v2\/posts\/43347"}],"collection":[{"href":"https:\/\/vocesdebaires.com.ar\/index.php\/wp-json\/wp\/v2\/posts"}],"about":[{"href":"https:\/\/vocesdebaires.com.ar\/index.php\/wp-json\/wp\/v2\/types\/post"}],"author":[{"embeddable":true,"href":"https:\/\/vocesdebaires.com.ar\/index.php\/wp-json\/wp\/v2\/users\/3"}],"replies":[{"embeddable":true,"href":"https:\/\/vocesdebaires.com.ar\/index.php\/wp-json\/wp\/v2\/comments?post=43347"}],"version-history":[{"count":1,"href":"https:\/\/vocesdebaires.com.ar\/index.php\/wp-json\/wp\/v2\/posts\/43347\/revisions"}],"predecessor-version":[{"id":43349,"href":"https:\/\/vocesdebaires.com.ar\/index.php\/wp-json\/wp\/v2\/posts\/43347\/revisions\/43349"}],"wp:featuredmedia":[{"embeddable":true,"href":"https:\/\/vocesdebaires.com.ar\/index.php\/wp-json\/wp\/v2\/media\/43348"}],"wp:attachment":[{"href":"https:\/\/vocesdebaires.com.ar\/index.php\/wp-json\/wp\/v2\/media?parent=43347"}],"wp:term":[{"taxonomy":"category","embeddable":true,"href":"https:\/\/vocesdebaires.com.ar\/index.php\/wp-json\/wp\/v2\/categories?post=43347"},{"taxonomy":"post_tag","embeddable":true,"href":"https:\/\/vocesdebaires.com.ar\/index.php\/wp-json\/wp\/v2\/tags?post=43347"}],"curies":[{"name":"wp","href":"https:\/\/api.w.org\/{rel}","templated":true}]}}