{"id":43358,"date":"2023-04-12T00:00:53","date_gmt":"2023-04-12T03:00:53","guid":{"rendered":"https:\/\/vocesdebaires.com.ar\/?p=43358"},"modified":"2023-04-11T21:46:28","modified_gmt":"2023-04-12T00:46:28","slug":"ciudadatencion-a-los-ciclistas-los-queremos-escucharlos","status":"publish","type":"post","link":"https:\/\/vocesdebaires.com.ar\/index.php\/2023\/04\/12\/ciudadatencion-a-los-ciclistas-los-queremos-escucharlos\/","title":{"rendered":"Ciudad:Atenci\u00f3n, a los ciclistas los queremos escucharlos"},"content":{"rendered":"<p>Particip\u00e1 haci\u00e9ndonos conocer tu experiencia, segu\u00ed pedaleando por la ciudad y anda pensando para contarnos tu opini\u00f3n. Por eso si recorr\u00e9s la Ciudad en bici, nos interesa conocer tu opini\u00f3n. Sumate para que podamos potenciar juntos tu experiencia. Tus sugerencias son muy importantes para que sigamos haciendo que cada d\u00eda te sientas m\u00e1s c\u00f3modo y seguro.<\/p>\n<p><strong>Particip\u00e1 tenes tiempo hasta el 17\u00a0 :<\/strong> https:\/\/www.formulariosgcba.gob.ar\/bmJMBlj7ex331rxa6VPp\/canal\/web<\/p>\n","protected":false},"excerpt":{"rendered":"<p>Particip\u00e1 haci\u00e9ndonos conocer tu experiencia, segu\u00ed pedaleando por la ciudad y anda pensando para contarnos tu opini\u00f3n. Por eso si recorr\u00e9s la Ciudad en bici, nos interesa conocer tu opini\u00f3n. Sumate para que podamos potenciar juntos tu experiencia. Tus sugerencias son muy importantes para que sigamos haciendo que cada d\u00eda te sientas m\u00e1s c\u00f3modo y [&hellip;]<\/p>\n","protected":false},"author":3,"featured_media":43359,"comment_status":"open","ping_status":"open","sticky":false,"template":"","format":"standard","meta":{"_et_pb_use_builder":"","_et_pb_old_content":"","_et_gb_content_width":"","footnotes":""},"categories":[11,33],"tags":[],"class_list":["post-43358","post","type-post","status-publish","format-standard","has-post-thumbnail","hentry","category-ciudad","category-sociedad-y-cultura-2"],"_links":{"self":[{"href":"https:\/\/vocesdebaires.com.ar\/index.php\/wp-json\/wp\/v2\/posts\/43358"}],"collection":[{"href":"https:\/\/vocesdebaires.com.ar\/index.php\/wp-json\/wp\/v2\/posts"}],"about":[{"href":"https:\/\/vocesdebaires.com.ar\/index.php\/wp-json\/wp\/v2\/types\/post"}],"author":[{"embeddable":true,"href":"https:\/\/vocesdebaires.com.ar\/index.php\/wp-json\/wp\/v2\/users\/3"}],"replies":[{"embeddable":true,"href":"https:\/\/vocesdebaires.com.ar\/index.php\/wp-json\/wp\/v2\/comments?post=43358"}],"version-history":[{"count":1,"href":"https:\/\/vocesdebaires.com.ar\/index.php\/wp-json\/wp\/v2\/posts\/43358\/revisions"}],"predecessor-version":[{"id":43360,"href":"https:\/\/vocesdebaires.com.ar\/index.php\/wp-json\/wp\/v2\/posts\/43358\/revisions\/43360"}],"wp:featuredmedia":[{"embeddable":true,"href":"https:\/\/vocesdebaires.com.ar\/index.php\/wp-json\/wp\/v2\/media\/43359"}],"wp:attachment":[{"href":"https:\/\/vocesdebaires.com.ar\/index.php\/wp-json\/wp\/v2\/media?parent=43358"}],"wp:term":[{"taxonomy":"category","embeddable":true,"href":"https:\/\/vocesdebaires.com.ar\/index.php\/wp-json\/wp\/v2\/categories?post=43358"},{"taxonomy":"post_tag","embeddable":true,"href":"https:\/\/vocesdebaires.com.ar\/index.php\/wp-json\/wp\/v2\/tags?post=43358"}],"curies":[{"name":"wp","href":"https:\/\/api.w.org\/{rel}","templated":true}]}}