{"id":43362,"date":"2023-04-12T00:00:15","date_gmt":"2023-04-12T03:00:15","guid":{"rendered":"https:\/\/vocesdebaires.com.ar\/?p=43362"},"modified":"2023-04-11T21:51:49","modified_gmt":"2023-04-12T00:51:49","slug":"larreta-reconocio-a-bomberos-al-salvarle-la-vida-a-una-nena","status":"publish","type":"post","link":"https:\/\/vocesdebaires.com.ar\/index.php\/2023\/04\/12\/larreta-reconocio-a-bomberos-al-salvarle-la-vida-a-una-nena\/","title":{"rendered":"Larreta reconoci\u00f3 a bomberos al salvarle la vida a una nena"},"content":{"rendered":"<p>El jefe de Gobierno, Horacio Rodr\u00edguez Larreta, reconoci\u00f3 ayer a agentes del Grupo Especializado de Rescate (GER) del Cuerpo de Bomberos de la Ciudad que le salvaron la vida a una nena que se estaba ahogando. \u201c\u00bfC\u00f3mo no vamos a tener esperanzas en la Argentina si todav\u00eda hay historias como esta?\u201d, destac\u00f3.<br \/>\nVera, de 1 a\u00f1o y 11 meses, fue trasladada el domingo hasta el cuartel de Caballito por su padre en estado de inconsciencia, con fiebre alta y convulsiones.<\/p>\n<p>El teniente Gabriel Pereyra y el subteniente Gast\u00f3n Braga\u00f1a le practicaron maniobras de primeros auxilios y lograron que recuperara su frecuencia respiratoria normal. La nena fue asistida luego por personal m\u00e9dico y qued\u00f3 fuera de peligro. Rodr\u00edguez Larreta recorri\u00f3 el Cuartel de Bomberos II de Patricios acompa\u00f1ado del ministro de Justicia y Seguridad, Eugenio Burzaco; el secretario de Asuntos P\u00fablicos, Waldo Wolff; y el jefe de los Bomberos de la Ciudad, Juan Carlos Moriconi.<\/p>\n<p>El Jefe de Gobierno destac\u00f3 la \u201cvocaci\u00f3n de servicio\u201d de los miembros del GER y afirm\u00f3 que para la Ciudad \u201ces fundamental tener agentes capacitados y equipados a disposici\u00f3n donde se los necesita\u201d.Por \u00faltimo, se\u00f1al\u00f3: \u201c\u00bfC\u00f3mo no vamos a creer en que podemos salir adelante cuando comprobamos una y otra vez el talento, la solidaridad y el compromiso que tenemos todos los argentinos? Tenemos fuerza, convicci\u00f3n y potencial. Juntos podemos iniciar un camino de paz hacia una Argentina diferente, hacia la Argentina que sabemos que podemos ser\u201d.<\/p>\n<p><strong>Foto: Walter Carrera \/GCBA<\/strong><\/p>\n","protected":false},"excerpt":{"rendered":"<p>El jefe de Gobierno, Horacio Rodr\u00edguez Larreta, reconoci\u00f3 ayer a agentes del Grupo Especializado de Rescate (GER) del Cuerpo de Bomberos de la Ciudad que le salvaron la vida a una nena que se estaba ahogando. \u201c\u00bfC\u00f3mo no vamos a tener esperanzas en la Argentina si todav\u00eda hay historias como esta?\u201d, destac\u00f3. Vera, de 1 [&hellip;]<\/p>\n","protected":false},"author":3,"featured_media":43363,"comment_status":"open","ping_status":"open","sticky":false,"template":"","format":"standard","meta":{"_et_pb_use_builder":"","_et_pb_old_content":"","_et_gb_content_width":"","footnotes":""},"categories":[11,33],"tags":[],"class_list":["post-43362","post","type-post","status-publish","format-standard","has-post-thumbnail","hentry","category-ciudad","category-sociedad-y-cultura-2"],"_links":{"self":[{"href":"https:\/\/vocesdebaires.com.ar\/index.php\/wp-json\/wp\/v2\/posts\/43362"}],"collection":[{"href":"https:\/\/vocesdebaires.com.ar\/index.php\/wp-json\/wp\/v2\/posts"}],"about":[{"href":"https:\/\/vocesdebaires.com.ar\/index.php\/wp-json\/wp\/v2\/types\/post"}],"author":[{"embeddable":true,"href":"https:\/\/vocesdebaires.com.ar\/index.php\/wp-json\/wp\/v2\/users\/3"}],"replies":[{"embeddable":true,"href":"https:\/\/vocesdebaires.com.ar\/index.php\/wp-json\/wp\/v2\/comments?post=43362"}],"version-history":[{"count":1,"href":"https:\/\/vocesdebaires.com.ar\/index.php\/wp-json\/wp\/v2\/posts\/43362\/revisions"}],"predecessor-version":[{"id":43364,"href":"https:\/\/vocesdebaires.com.ar\/index.php\/wp-json\/wp\/v2\/posts\/43362\/revisions\/43364"}],"wp:featuredmedia":[{"embeddable":true,"href":"https:\/\/vocesdebaires.com.ar\/index.php\/wp-json\/wp\/v2\/media\/43363"}],"wp:attachment":[{"href":"https:\/\/vocesdebaires.com.ar\/index.php\/wp-json\/wp\/v2\/media?parent=43362"}],"wp:term":[{"taxonomy":"category","embeddable":true,"href":"https:\/\/vocesdebaires.com.ar\/index.php\/wp-json\/wp\/v2\/categories?post=43362"},{"taxonomy":"post_tag","embeddable":true,"href":"https:\/\/vocesdebaires.com.ar\/index.php\/wp-json\/wp\/v2\/tags?post=43362"}],"curies":[{"name":"wp","href":"https:\/\/api.w.org\/{rel}","templated":true}]}}