{"id":43370,"date":"2023-04-12T00:00:20","date_gmt":"2023-04-12T03:00:20","guid":{"rendered":"https:\/\/vocesdebaires.com.ar\/?p=43370"},"modified":"2023-04-11T21:58:02","modified_gmt":"2023-04-12T00:58:02","slug":"legislaturadeclaro-personalidades-destacadas-a-tres-cantantes-de-tango","status":"publish","type":"post","link":"https:\/\/vocesdebaires.com.ar\/index.php\/2023\/04\/12\/legislaturadeclaro-personalidades-destacadas-a-tres-cantantes-de-tango\/","title":{"rendered":"Legislatura:Declar\u00f3 Personalidades Destacadas a tres cantantes de tango"},"content":{"rendered":"<p>Los legisladores de la Ciudad declararon como Personalidades Destacadas en el \u00e1mbito de la Cultura a los cantantes de tango Carlos Morel, N\u00e9stor Rolan y Alberto Bianco. Las primeras dos iniciativas fueron hechas por el legislador Diego Weck, mientras que la restante es de autor\u00eda del ex diputado H\u00e9ctor Apreda. El acto se desarroll\u00f3 dentro del sal\u00f3n Presidente Per\u00f3n y cont\u00f3 con la presencia de los homenajeados y de Weck.<\/p>\n<p>\u201cEstos tres int\u00e9rpretes, grandes exponentes de la m\u00fasica ciudadana, han cultivado en su carrera amplios repertorios por los cuales merecieron el reconocimiento a nivel local e internacional\u201d, destac\u00f3 el legislador. A su vez resalt\u00f3 que el tango naci\u00f3 junto a Buenos Aires, que es uno de los \u201cs\u00edmbolos m\u00e1s representativos de la Ciudad\u201d y que no es posible conocerla \u201csin sumergirnos en su m\u00fasica y en su baile\u201d.<\/p>\n<p>Por su parte, Bianco agradeci\u00f3: \u201cEste mimo que nos regala la Legislatura y la gente es el que recibimos durante tantos a\u00f1os arriba del escenario, es lo que nos hace seguir adelante y seguir apostando por esta tarea hermosa y dif\u00edcil, que es ser artista del tango\u201d. Y abog\u00f3 por m\u00e1s lugar desde los medios de comunicaci\u00f3n.<br \/>\nA su turno, Morel agradeci\u00f3 a los legisladores por el reconocimiento. Mientras que Rol\u00e1n rememor\u00f3 gran parte de sus comienzos en el tango. Y concluy\u00f3: \u201cHe recibido muchos premios, pero este es uno de los m\u00e1s importantes porque decir figura destacada de la cultura es algo que ni yo lo creo\u201d.<\/p>\n<p>Carlos Morel naci\u00f3 en Avellaneda e hizo una larga temporada en el legendario Cabaret Marab\u00fa. En 1980 gana el concurso del programa televisivo Grandes Valores de Tango y es contratado por el maestro H\u00e9ctor Varela, para integrar su orquesta como vocalista hasta 1983. A su vez actu\u00f3 en las mejores salas de Buenos Aires, programas de televisi\u00f3n y en extensas giras por Estados Unidos, Canad\u00e1 y Venezuela. Y comparti\u00f3 escenario con figuras como Roberto Goyeneche, N\u00e9stor Marconi, Juanjo Dom\u00ednguez y Atilio Stampone.<\/p>\n<p>Alberto Bianco debut\u00f3 art\u00edsticamente en 1981, en el Programa televisivo \u00abGrandes Valores del Tango\u00bb, emitido por el entones Canal 9 y conducido por Silvio Sold\u00e1n, logrando el 2\u00b0 puesto en el concurso \u00abLa Voz Tanguera del A\u00f1o\u00bb. Desde entonces comenz\u00f3 a cantar junto a grandes artistas e inici\u00f3 su carrera de forma profesional con la \u00abOrquesta de Ernesto Franco\u00bb y \u00abLos Grandes del Comp\u00e1s\u00bb, con quienes realiz\u00f3 varios programas de televisi\u00f3n. En 1988 fue declarado \u201cPatricio Honorario\u201d por el Regimiento de Patricios por su aporte a la Cultura Nacional.<\/p>\n<p>Y, en 1996, fue homenajeado por el entonces presidente Carlos Sa\u00fal Menem.<br \/>\nN\u00e9stor Rolan se integr\u00f3 en 1984 como vocalista a la orquesta Los Grandes del Comp\u00e1s, dirigida por el maestro Ernesto Franco y realiz\u00f3 giras por toda la Argentina. Dos a\u00f1os despu\u00e9s lo contrat\u00f3 Canal 9 con exclusividad para el programa Grandes valores del tango, que conduc\u00eda Silvio Sold\u00e1n. Ya en 1989 gan\u00f3 el Gardel de Oro, instituido por las empresas discogr\u00e1ficas.<\/p>\n","protected":false},"excerpt":{"rendered":"<p>Los legisladores de la Ciudad declararon como Personalidades Destacadas en el \u00e1mbito de la Cultura a los cantantes de tango Carlos Morel, N\u00e9stor Rolan y Alberto Bianco. Las primeras dos iniciativas fueron hechas por el legislador Diego Weck, mientras que la restante es de autor\u00eda del ex diputado H\u00e9ctor Apreda. El acto se desarroll\u00f3 dentro [&hellip;]<\/p>\n","protected":false},"author":2,"featured_media":43366,"comment_status":"open","ping_status":"open","sticky":false,"template":"","format":"standard","meta":{"_et_pb_use_builder":"","_et_pb_old_content":"","_et_gb_content_width":"","footnotes":""},"categories":[11,33],"tags":[],"class_list":["post-43370","post","type-post","status-publish","format-standard","has-post-thumbnail","hentry","category-ciudad","category-sociedad-y-cultura-2"],"_links":{"self":[{"href":"https:\/\/vocesdebaires.com.ar\/index.php\/wp-json\/wp\/v2\/posts\/43370"}],"collection":[{"href":"https:\/\/vocesdebaires.com.ar\/index.php\/wp-json\/wp\/v2\/posts"}],"about":[{"href":"https:\/\/vocesdebaires.com.ar\/index.php\/wp-json\/wp\/v2\/types\/post"}],"author":[{"embeddable":true,"href":"https:\/\/vocesdebaires.com.ar\/index.php\/wp-json\/wp\/v2\/users\/2"}],"replies":[{"embeddable":true,"href":"https:\/\/vocesdebaires.com.ar\/index.php\/wp-json\/wp\/v2\/comments?post=43370"}],"version-history":[{"count":1,"href":"https:\/\/vocesdebaires.com.ar\/index.php\/wp-json\/wp\/v2\/posts\/43370\/revisions"}],"predecessor-version":[{"id":43371,"href":"https:\/\/vocesdebaires.com.ar\/index.php\/wp-json\/wp\/v2\/posts\/43370\/revisions\/43371"}],"wp:featuredmedia":[{"embeddable":true,"href":"https:\/\/vocesdebaires.com.ar\/index.php\/wp-json\/wp\/v2\/media\/43366"}],"wp:attachment":[{"href":"https:\/\/vocesdebaires.com.ar\/index.php\/wp-json\/wp\/v2\/media?parent=43370"}],"wp:term":[{"taxonomy":"category","embeddable":true,"href":"https:\/\/vocesdebaires.com.ar\/index.php\/wp-json\/wp\/v2\/categories?post=43370"},{"taxonomy":"post_tag","embeddable":true,"href":"https:\/\/vocesdebaires.com.ar\/index.php\/wp-json\/wp\/v2\/tags?post=43370"}],"curies":[{"name":"wp","href":"https:\/\/api.w.org\/{rel}","templated":true}]}}