{"id":43372,"date":"2023-04-12T00:00:23","date_gmt":"2023-04-12T03:00:23","guid":{"rendered":"https:\/\/vocesdebaires.com.ar\/?p=43372"},"modified":"2023-04-11T22:01:03","modified_gmt":"2023-04-12T01:01:03","slug":"club-de-microemprendedores-te-invita-a-la-jornada-de-formacion","status":"publish","type":"post","link":"https:\/\/vocesdebaires.com.ar\/index.php\/2023\/04\/12\/club-de-microemprendedores-te-invita-a-la-jornada-de-formacion\/","title":{"rendered":"Club de Microemprendedores: Te invita a la Jornada de formaci\u00f3n"},"content":{"rendered":"<p>El Ministerio de Desarrollo Econ\u00f3mico y Producci\u00f3n, a trav\u00e9s de la Subsecretar\u00eda de Cooperaci\u00f3n para el Desarrollo Econ\u00f3mico y la Producci\u00f3n de la Ciudad, te invitan a sumarte a la Jornada de formaci\u00f3n y capacitaci\u00f3n del Club de Microemprendedores. Se trata de una propuesta gratuita conformada por charlas, talleres, espacios de networking y asesoramiento destinada a los peque\u00f1os y medianos emprendedores que necesiten de un impulso comercial para vender sus productos.<\/p>\n<p>El primer encuentro del a\u00f1o es organizado junto a la Fundaci\u00f3n Banco Ciudad y se realizar\u00e1 el pr\u00f3ximo mi\u00e9rcoles 12 de abril de 11.30 a 17.30 h, en el Centro Metropolitano de Dise\u00f1o (Algarrobo 1041, Barracas &#8211; CABA).Para participar, s\u00f3lo es necesario ser mayor de 18 a\u00f1os y haber participado previamente o tener ganas de sumarte al Club de Microemprendedores, el ciclo de ferias de la Ciudad que impulsan el Emprendedurismo.<\/p>\n<p>La Jornada de formaci\u00f3n y capacitaci\u00f3n del Club de Microemprendedores es una iniciativa que busca brindar herramientas comerciales y productivas.<br \/>\nEn este mismo sentido, durante todo el evento, se abordar\u00e1n tem\u00e1ticas que te ayudar\u00e1n a esquematizar tu proyecto. Entre ellas se destacan: planificaci\u00f3n financiera, primeras ventas, marketing digital y c\u00f3mo presentar tu idea, entre muchas otras m\u00e1s.<\/p>\n<p>Es importante destacar que esta actividad forma parte del Programa del Club de Microemprendedores. Esta propuesta tiene por objetivo generar espacios de impulso econ\u00f3mico y vinculaci\u00f3n comercial, para crear nuevos ecosistemas productivos, fomentado el desarrollo econ\u00f3mico local.<br \/>\nSon ferias totalmente gratuitas y p\u00fablicas, que se llevan a cabo en diferentes clubes de barrio.<\/p>\n<p><strong>A continuaci\u00f3n, e presentamos el cronograma completo del evento:<\/strong><br \/>\n11.30 h: acreditaciones<br \/>\n12 a 12.45 h: charla de planificaci\u00f3n financiera por la Fundaci\u00f3n Banco Ciudad<br \/>\n12.45 a 13 h: descanso y refrigerio<br \/>\n13 a 14.30 h: charla: \u201cRomper las barreras de las primeras ventas\u201d<br \/>\n14.30 a 15.30 h: actividad de Networking<br \/>\nDe 15.30 a 17.30 h, se brindar\u00e1n los siguientes Talleres:<br \/>\nPitch: vend\u00e9 tu idea en un minuto<br \/>\nPrototipo y Validaci\u00f3n de Idea<br \/>\nConflictos y toma de decisiones al emprender<br \/>\nConvert\u00ed al marketing en tu mejor aliado.<\/p>\n","protected":false},"excerpt":{"rendered":"<p>El Ministerio de Desarrollo Econ\u00f3mico y Producci\u00f3n, a trav\u00e9s de la Subsecretar\u00eda de Cooperaci\u00f3n para el Desarrollo Econ\u00f3mico y la Producci\u00f3n de la Ciudad, te invitan a sumarte a la Jornada de formaci\u00f3n y capacitaci\u00f3n del Club de Microemprendedores. Se trata de una propuesta gratuita conformada por charlas, talleres, espacios de networking y asesoramiento destinada [&hellip;]<\/p>\n","protected":false},"author":2,"featured_media":43373,"comment_status":"open","ping_status":"open","sticky":false,"template":"","format":"standard","meta":{"_et_pb_use_builder":"","_et_pb_old_content":"","_et_gb_content_width":"","footnotes":""},"categories":[11,33],"tags":[],"class_list":["post-43372","post","type-post","status-publish","format-standard","has-post-thumbnail","hentry","category-ciudad","category-sociedad-y-cultura-2"],"_links":{"self":[{"href":"https:\/\/vocesdebaires.com.ar\/index.php\/wp-json\/wp\/v2\/posts\/43372"}],"collection":[{"href":"https:\/\/vocesdebaires.com.ar\/index.php\/wp-json\/wp\/v2\/posts"}],"about":[{"href":"https:\/\/vocesdebaires.com.ar\/index.php\/wp-json\/wp\/v2\/types\/post"}],"author":[{"embeddable":true,"href":"https:\/\/vocesdebaires.com.ar\/index.php\/wp-json\/wp\/v2\/users\/2"}],"replies":[{"embeddable":true,"href":"https:\/\/vocesdebaires.com.ar\/index.php\/wp-json\/wp\/v2\/comments?post=43372"}],"version-history":[{"count":1,"href":"https:\/\/vocesdebaires.com.ar\/index.php\/wp-json\/wp\/v2\/posts\/43372\/revisions"}],"predecessor-version":[{"id":43374,"href":"https:\/\/vocesdebaires.com.ar\/index.php\/wp-json\/wp\/v2\/posts\/43372\/revisions\/43374"}],"wp:featuredmedia":[{"embeddable":true,"href":"https:\/\/vocesdebaires.com.ar\/index.php\/wp-json\/wp\/v2\/media\/43373"}],"wp:attachment":[{"href":"https:\/\/vocesdebaires.com.ar\/index.php\/wp-json\/wp\/v2\/media?parent=43372"}],"wp:term":[{"taxonomy":"category","embeddable":true,"href":"https:\/\/vocesdebaires.com.ar\/index.php\/wp-json\/wp\/v2\/categories?post=43372"},{"taxonomy":"post_tag","embeddable":true,"href":"https:\/\/vocesdebaires.com.ar\/index.php\/wp-json\/wp\/v2\/tags?post=43372"}],"curies":[{"name":"wp","href":"https:\/\/api.w.org\/{rel}","templated":true}]}}