{"id":43378,"date":"2023-04-12T00:00:54","date_gmt":"2023-04-12T03:00:54","guid":{"rendered":"https:\/\/vocesdebaires.com.ar\/?p=43378"},"modified":"2023-04-11T22:08:34","modified_gmt":"2023-04-12T01:08:34","slug":"larreta-santilli-y-hotton-presentaron-juntos-la-agenda-del-consejo-social","status":"publish","type":"post","link":"https:\/\/vocesdebaires.com.ar\/index.php\/2023\/04\/12\/larreta-santilli-y-hotton-presentaron-juntos-la-agenda-del-consejo-social\/","title":{"rendered":"Larreta, Santilli y Hotton presentaron juntos la agenda del Consejo Social"},"content":{"rendered":"<p>El jefe de Gobierno, Horacio Rodr\u00edguez Larreta, encabez\u00f3 un acto con mil pastores para la presentaci\u00f3n de la agenda 2023 del Consejo Social de la Ciudad, presidido por Cynthia Hotton, quien auspici\u00f3 de anfitriona de la jornada que se realiz\u00f3 en el Golden Center de Parque Norte. Tambi\u00e9n participaron el candidato a gobernador de la Provincia de Buenos Aires, Diego Santilli, y la ministra de Desarrollo Humano y H\u00e1bitat de la Ciudad, Mar\u00eda Migliore.<\/p>\n<p>\u201cVengo a agradecerles por su compromiso, por su dedicaci\u00f3n y por todos los valores que demuestran cada vez que la gente los necesita. Y a ponerme a disposici\u00f3n porque quiero acompa\u00f1arlos en su tarea. En situaciones l\u00edmite como la pandemia, inundaciones, desalojos, o en casos de pobreza extrema o adicciones, donde ya queda poco de d\u00f3nde aferrarse, est\u00e1n ustedes conteniendo familias, impulsando valores, dando una mano, una palabra y un plato de comida ah\u00ed donde a veces el Estado no llega.<\/p>\n<p>Ustedes siguen propagando la fe y los valores de la familia en cada rinc\u00f3n de la Ciudad y el pa\u00eds, dando c\u00e1tedra de sus valores, de su cercan\u00eda, de su honestidad, de su altruismo para dar todo por el otro sin esperar nada a cambio\u201d, detall\u00f3 el Jefe de Gobierno. Rodr\u00edguez Larreta agradeci\u00f3 a Cynthia Hotton, \u201ccon quien vamos a trabajar codo a codo para combatir las dificultades que tanto sufren los argentinos.<\/p>\n<p>Gracias Cynthia por tu compromiso y por el gran esfuerzo que est\u00e1s haciendo al frente del Consejo, que nos renueva la esperanza en una Argentina m\u00e1s justa. A trav\u00e9s del Consejo vamos a potenciar, con pol\u00edticas que le cambien la vida a la gente. Un ejemplo de lo que ya empezamos a hacer es un caso que conocen de cerca, la Ley Nacional N\u00b027.611 de Atenci\u00f3n y Cuidado Integral de la Salud durante el Embarazo y la Primera Infancia, que tiene que estar reglamentada.<\/p>\n<p>La semana pasada Fern\u00e1n Quir\u00f3s firm\u00f3 un acuerdo con el Consejo Social para implementar una l\u00ednea telef\u00f3nica de contenci\u00f3n en los hospitales p\u00fablicos de la Ciudad desde donde se realizan tareas de acompa\u00f1amiento emocional y personalizado para aquellas mujeres que transiten un embarazo vulnerable\u201d.Por su parte, Hotton subray\u00f3: \u201cCuando en Argentina aprobaron la ley de Interrupci\u00f3n Voluntaria del Embarazo (Ley 27.610), tambi\u00e9n sancionaron la Ley 27.611 por unanimidad, de \u201cAtenci\u00f3n y Cuidado Integral de la Salud durante el Embarazo y la Primera Infancia\u201d, que busca proteger y acompa\u00f1ar a todas las ni\u00f1as y ni\u00f1os, desde el nacimiento y hasta los primeros tres a\u00f1os de vida.<\/p>\n<p>Mientras el aborto fue implementado a lo largo de todo el pa\u00eds, los protocolos que deber\u00edan instalarse con la ley para acompa\u00f1ar y asistir a la mujer embarazada en situaci\u00f3n de vulnerabilidad, no est\u00e1n desarrollados. Es por eso que implementamos, en conjunto con Salud, que en los hospitales p\u00fablicos de la Ciudad se difunda la l\u00ednea telef\u00f3nica de contenci\u00f3n 0800-333-1148 (VIDA) desde donde se realizan tareas de acompa\u00f1amiento emocional y personalizado para aquellas mujeres que transiten un embarazo vulnerable\u201d.<\/p>\n<p>Y remarc\u00f3: \u201cSeguimos sembrando valores. Esto es un proceso de transformaci\u00f3n, de compromiso, que de a poco fuimos construyendo con los pastores y pastoras de Buenos Aires y cientos de personas de las iglesias\u201d. Asimismo, record\u00f3 que en la \u00faltima elecci\u00f3n se postularon m\u00e1s de 1500 candidatos cristianos en la provincia de Buenos Aires.<\/p>\n<p>La jornada cont\u00f3 con un panel central donde se present\u00f3 la agenda social a cargo de: Mg. Gabriel Mraida, diputado nacional; Lic. Claudio Greco, especialista en Adicciones y neurociencias; y la pastora y psic\u00f3loga social, Lali G\u00f3mez. Ante los presentes se expusieron los ejes que encabeza el Consejo Social, con \u00e9nfasis en la defensa de los valores cristianos: discapacidad, adopci\u00f3n, adultos mayores, embarazo vulnerables y primera infancia, y adicciones.<\/p>\n<p>\u201cTenemos en nuestras manos una oportunidad hist\u00f3rica para cambiar las realidades que tanto nos duelen. Hagamos que la inclusi\u00f3n se convierta en acci\u00f3n; aprovechemos este espacio tan valioso que el Gobierno de la Ciudad nos brinda para que cada persona, sea cual sea su realidad social, pueda desarrollar su potencial, construir la vida que quiere, y transitar su camino hacia la felicidad\u201d, concluy\u00f3 Hotton, quien estuvo acompa\u00f1ada por su esposo, el empresario Julio Ducdoc.<\/p>\n<p>Cabe se\u00f1alar que el Consejo Social es un organismo aut\u00f3nomo de la Ciudad de Buenos Aires, un espacio de participaci\u00f3n para la implementaci\u00f3n de pol\u00edticas sociales. Tiene como misi\u00f3n la articulaci\u00f3n y el trabajo conjunto entre la sociedad civil, el tercer sector, el sector privado y los distintos niveles de gobierno, para impulsar soluciones concretas a problem\u00e1ticas que afectan a la comunidad.<\/p>\n<p>Participaron de la jornada Diego Valenzuela, intendente de 3 de Febrero, quien expuso sobre el trabajo y los logros de gesti\u00f3n alcanzados en el municipio; Eduardo Macchiavelli, secretario de Proyecci\u00f3n Federal del Gobierno de la Ciudad; Federico Pugliese, director General de Entidades y Culto; H\u00e9ctor \u201cToti\u201d Flores, dirigente Social y presidente de la Cooperativa La Juanita; Fernanda Reyes, directora del Instituto de Vivienda CABA; Pilar Bosca, gerenta de Relaciones con los Cultos; Gast\u00f3n di Castelnuovo, concejal y jefe del bloque de Juntos por el Cambio en Ituzaing\u00f3, entre otras autoridades.<\/p>\n<p>Asimismo, entre los referentes de la fe, se destacan los pastores Ale y Lali G\u00f3mez, directora en Fundaci\u00f3n Eleg\u00ed Sonreir (Iglesia de la Cruz CABA); Tom\u00e1s Mackey, presidente Alianza Mundial Bautista, y su esposa Febe Libert; Hugo M\u00e1rquez, presidente de la Confederaci\u00f3n Evang\u00e9lica Bautista, y pastor de la iglesia Jes\u00fas es Rey de Neuqu\u00e9n; Diego Celli, presidente del Programa Vida; Susana y Jorge Ibarbalz, de la Iglesia del Libertador, y Ciro Crimi, de Asamblea Cristiana, entre otros.<\/p>\n<p><strong>Foto: Dami\u00e1n Darr\u00e1s.<\/strong><\/p>\n","protected":false},"excerpt":{"rendered":"<p>El jefe de Gobierno, Horacio Rodr\u00edguez Larreta, encabez\u00f3 un acto con mil pastores para la presentaci\u00f3n de la agenda 2023 del Consejo Social de la Ciudad, presidido por Cynthia Hotton, quien auspici\u00f3 de anfitriona de la jornada que se realiz\u00f3 en el Golden Center de Parque Norte. Tambi\u00e9n participaron el candidato a gobernador de la [&hellip;]<\/p>\n","protected":false},"author":2,"featured_media":43379,"comment_status":"open","ping_status":"open","sticky":false,"template":"","format":"standard","meta":{"_et_pb_use_builder":"","_et_pb_old_content":"","_et_gb_content_width":"","footnotes":""},"categories":[11,33],"tags":[],"class_list":["post-43378","post","type-post","status-publish","format-standard","has-post-thumbnail","hentry","category-ciudad","category-sociedad-y-cultura-2"],"_links":{"self":[{"href":"https:\/\/vocesdebaires.com.ar\/index.php\/wp-json\/wp\/v2\/posts\/43378"}],"collection":[{"href":"https:\/\/vocesdebaires.com.ar\/index.php\/wp-json\/wp\/v2\/posts"}],"about":[{"href":"https:\/\/vocesdebaires.com.ar\/index.php\/wp-json\/wp\/v2\/types\/post"}],"author":[{"embeddable":true,"href":"https:\/\/vocesdebaires.com.ar\/index.php\/wp-json\/wp\/v2\/users\/2"}],"replies":[{"embeddable":true,"href":"https:\/\/vocesdebaires.com.ar\/index.php\/wp-json\/wp\/v2\/comments?post=43378"}],"version-history":[{"count":1,"href":"https:\/\/vocesdebaires.com.ar\/index.php\/wp-json\/wp\/v2\/posts\/43378\/revisions"}],"predecessor-version":[{"id":43380,"href":"https:\/\/vocesdebaires.com.ar\/index.php\/wp-json\/wp\/v2\/posts\/43378\/revisions\/43380"}],"wp:featuredmedia":[{"embeddable":true,"href":"https:\/\/vocesdebaires.com.ar\/index.php\/wp-json\/wp\/v2\/media\/43379"}],"wp:attachment":[{"href":"https:\/\/vocesdebaires.com.ar\/index.php\/wp-json\/wp\/v2\/media?parent=43378"}],"wp:term":[{"taxonomy":"category","embeddable":true,"href":"https:\/\/vocesdebaires.com.ar\/index.php\/wp-json\/wp\/v2\/categories?post=43378"},{"taxonomy":"post_tag","embeddable":true,"href":"https:\/\/vocesdebaires.com.ar\/index.php\/wp-json\/wp\/v2\/tags?post=43378"}],"curies":[{"name":"wp","href":"https:\/\/api.w.org\/{rel}","templated":true}]}}