{"id":43392,"date":"2023-04-14T00:00:01","date_gmt":"2023-04-14T03:00:01","guid":{"rendered":"https:\/\/vocesdebaires.com.ar\/?p=43392"},"modified":"2023-04-13T21:44:07","modified_gmt":"2023-04-14T00:44:07","slug":"la-legislaturadeclaro-como-personalidad-destacada-a-sergio-marchi","status":"publish","type":"post","link":"https:\/\/vocesdebaires.com.ar\/index.php\/2023\/04\/14\/la-legislaturadeclaro-como-personalidad-destacada-a-sergio-marchi\/","title":{"rendered":"La ciudad: Declar\u00f3 como Personalidad Destacada a Sergio Marchi"},"content":{"rendered":"<p>Los legisladores de la Ciudad declararon como Personalidad Destacada en el \u00e1mbito de la Cultura al periodista y escritor Sergio Marchi. El acto se llev\u00f3 a cabo dentro del Sal\u00f3n Montevideo y cont\u00f3 con la presencia del legislador y autor del proyecto Roy Cortina, el periodista Alfredo Rosso y el homenajeado. Adem\u00e1s, el m\u00fasico Richard Coleman brind\u00f3 un show musical y varios artistas saludaron a Marchi a trav\u00e9s de un video.<\/p>\n<p>En el comienzo de las alocuciones, Cortina destac\u00f3 la importancia de tomar contacto con los actores de la cultura, escucharlos y conocer la forma de trabajar y las necesidades que tiene la cultura en la Ciudad. A su vez mencion\u00f3 a Marchi como \u201cel hombre que m\u00e1s sabe de nuestro rock nacional\u201d. Y agreg\u00f3: \u201cSergio es uno de los escritores m\u00e1s importantes de referencia sobre el tema, con sus libros y biograf\u00edas supo emocionarnos y meternos de lleno en este mundo incre\u00edble del rock y sus artistas\u201d.<\/p>\n<p>Por su parte, Marchi agradeci\u00f3 al diputado Cortina y a toda la Legislatura. \u201cEstoy muy contento por la distinci\u00f3n. Mi vida laboral comenz\u00f3 muy cerca de ac\u00e1\u201d, mencion\u00f3 el periodista al momento de recordar sus inicios. Y puntualiz\u00f3: \u201cAprend\u00ed mucho escuchando discos y a m\u00ed me educ\u00f3 el rock and roll\u201d. Finalmente Rosso rememor\u00f3 c\u00f3mo conoci\u00f3 a Marchi y el periodismo de rock en el pa\u00eds. Y resalt\u00f3: \u201cCompartimos redacciones, recitales, festivales de aqu\u00ed y de afuera. As\u00ed aprend\u00ed a admirar a Sergio Marchi, a sus ganas de conocer m\u00e1s, de investigar, de adentrarse en los sujetos y objetos de sus notas y ese hambre de saber y curiosidad y su disciplina envidiable\u201d.<\/p>\n<p>Sergio Marchi es uno de los grandes divulgadores de nuestro rock nacional. Sus innumerables art\u00edculos y biograf\u00edas han sido fuente de consulta permanente para diferentes medios de comunicaci\u00f3n especializados, debido a sus conocimientos no solo de nuestra m\u00fasica sino tambi\u00e9n del rock latino. Entre sus obras se destacan la biograf\u00eda de Charly Garc\u00eda, \u201cNo digas nada\u201d; \u201cPappo: El Hombre Suburbano\u201d y \u00abSpinetta: Ruido de Magia\u00bb. Otro de sus \u00e9xitos es \u00abRoom service\u00bb, donde recopila todas las historias escandalosas del rock de nuestro pa\u00eds.<\/p>\n","protected":false},"excerpt":{"rendered":"<p>Los legisladores de la Ciudad declararon como Personalidad Destacada en el \u00e1mbito de la Cultura al periodista y escritor Sergio Marchi. El acto se llev\u00f3 a cabo dentro del Sal\u00f3n Montevideo y cont\u00f3 con la presencia del legislador y autor del proyecto Roy Cortina, el periodista Alfredo Rosso y el homenajeado. Adem\u00e1s, el m\u00fasico Richard [&hellip;]<\/p>\n","protected":false},"author":2,"featured_media":43393,"comment_status":"open","ping_status":"open","sticky":false,"template":"","format":"standard","meta":{"_et_pb_use_builder":"","_et_pb_old_content":"","_et_gb_content_width":"","footnotes":""},"categories":[11,33],"tags":[],"class_list":["post-43392","post","type-post","status-publish","format-standard","has-post-thumbnail","hentry","category-ciudad","category-sociedad-y-cultura-2"],"_links":{"self":[{"href":"https:\/\/vocesdebaires.com.ar\/index.php\/wp-json\/wp\/v2\/posts\/43392"}],"collection":[{"href":"https:\/\/vocesdebaires.com.ar\/index.php\/wp-json\/wp\/v2\/posts"}],"about":[{"href":"https:\/\/vocesdebaires.com.ar\/index.php\/wp-json\/wp\/v2\/types\/post"}],"author":[{"embeddable":true,"href":"https:\/\/vocesdebaires.com.ar\/index.php\/wp-json\/wp\/v2\/users\/2"}],"replies":[{"embeddable":true,"href":"https:\/\/vocesdebaires.com.ar\/index.php\/wp-json\/wp\/v2\/comments?post=43392"}],"version-history":[{"count":2,"href":"https:\/\/vocesdebaires.com.ar\/index.php\/wp-json\/wp\/v2\/posts\/43392\/revisions"}],"predecessor-version":[{"id":43395,"href":"https:\/\/vocesdebaires.com.ar\/index.php\/wp-json\/wp\/v2\/posts\/43392\/revisions\/43395"}],"wp:featuredmedia":[{"embeddable":true,"href":"https:\/\/vocesdebaires.com.ar\/index.php\/wp-json\/wp\/v2\/media\/43393"}],"wp:attachment":[{"href":"https:\/\/vocesdebaires.com.ar\/index.php\/wp-json\/wp\/v2\/media?parent=43392"}],"wp:term":[{"taxonomy":"category","embeddable":true,"href":"https:\/\/vocesdebaires.com.ar\/index.php\/wp-json\/wp\/v2\/categories?post=43392"},{"taxonomy":"post_tag","embeddable":true,"href":"https:\/\/vocesdebaires.com.ar\/index.php\/wp-json\/wp\/v2\/tags?post=43392"}],"curies":[{"name":"wp","href":"https:\/\/api.w.org\/{rel}","templated":true}]}}