{"id":43403,"date":"2023-04-14T00:00:05","date_gmt":"2023-04-14T03:00:05","guid":{"rendered":"https:\/\/vocesdebaires.com.ar\/?p=43403"},"modified":"2023-04-13T21:58:45","modified_gmt":"2023-04-14T00:58:45","slug":"ciudad-larreta-anuncio-medidas-para-aliviar-los-alquileres","status":"publish","type":"post","link":"https:\/\/vocesdebaires.com.ar\/index.php\/2023\/04\/14\/ciudad-larreta-anuncio-medidas-para-aliviar-los-alquileres\/","title":{"rendered":"Ciudad: Larreta anunci\u00f3 medidas para aliviar los alquileres"},"content":{"rendered":"<p>El jefe de Gobierno, Horacio Rodr\u00edguez Larreta, anunci\u00f3 ayer medidas para aliviar la problem\u00e1tica en torno a los alquileres, con beneficios para inquilinos y propietarios. \u201cQuiero que todos puedan decidir sobre su futuro sin estar a la deriva por un mercado inmobiliario que est\u00e1 explotado\u201d, se\u00f1al\u00f3. Rodr\u00edguez Larreta explic\u00f3 que en las charlas con vecinos se repite la preocupaci\u00f3n en torno a las dificultades para encontrar un alquiler y lo complicado que resulta pagarlo. Ese escenario se replica en todas las ciudades grandes del pa\u00eds. \u201cEntre el costo del alquiler m\u00e1s los gastos, las expensas y los servicios no hay laburo que alcance en este contexto de inflaci\u00f3n descontrolada. El sentimiento de resignaci\u00f3n es muy grande\u201d, afirm\u00f3.<\/p>\n<p><strong>Las medidas, en detalle:<\/strong><br \/>\nLa Ciudad va a ofrecer tres programas a trav\u00e9s del IVC para hacer todo m\u00e1s f\u00e1cil: Garant\u00eda m\u00e1s f\u00e1cil: Se va a bonificar hasta el 70% del seguro de cauci\u00f3n. Para que propietarios puedan usar ese seguro, que es mucho m\u00e1s confiable que una garant\u00eda propietaria. Los inquilinos, de este modo, no necesitar\u00edan garant\u00eda propietaria y podr\u00edan afrontar el costo del seguro de cauci\u00f3n.<\/p>\n<p>Alquilar m\u00e1s f\u00e1cil: Un cr\u00e9dito simple para mudarse. Romper la barrera para los que pueden pagar un alquiler, pero no los costos de entrada. Refacci\u00f3n m\u00e1s f\u00e1cil: Financiar reformas en viviendas desocupadas para aumentar la oferta. Para que los propietarios puedan agregar valor a sus inmuebles y los puedan alquilar en mejor estado; y para que los inquilinos disfruten (pagando menos) de una casa en buenas condiciones. Adem\u00e1s, se ampliar\u00e1 la exenci\u00f3n impositiva de ingresos brutos para contratos de alquiler, para mejorar la rentabilidad de las formas tradicionales de alquiler.<\/p>\n<p>El tope de exenci\u00f3n pasar\u00e1 de $ 75.000 a $ 220.000. La exenci\u00f3n era para una segunda propiedad como m\u00e1ximo y ahora ese tope pasa a tres propiedades.<br \/>\nTambi\u00e9n se eximir\u00e1 del ABL y el impuesto inmobiliario a las unidades alquiladas por hasta 36 meses o la duraci\u00f3n del contrato. Habr\u00e1 un tope de valor fiscal y un tope al valor del alquiler. En paralelo, la Ciudad trabaja junto al sector privado para aumentar la oferta de vivienda, incentivando la construcci\u00f3n en zonas estrat\u00e9gicas. Audio radial: Rodr\u00edguez Larreta anunci\u00f3 medidas para aliviar los alquileres, con beneficios para inquilinos y propietarios<\/p>\n","protected":false},"excerpt":{"rendered":"<p>El jefe de Gobierno, Horacio Rodr\u00edguez Larreta, anunci\u00f3 ayer medidas para aliviar la problem\u00e1tica en torno a los alquileres, con beneficios para inquilinos y propietarios. \u201cQuiero que todos puedan decidir sobre su futuro sin estar a la deriva por un mercado inmobiliario que est\u00e1 explotado\u201d, se\u00f1al\u00f3. Rodr\u00edguez Larreta explic\u00f3 que en las charlas con vecinos [&hellip;]<\/p>\n","protected":false},"author":2,"featured_media":43404,"comment_status":"open","ping_status":"open","sticky":false,"template":"","format":"standard","meta":{"_et_pb_use_builder":"","_et_pb_old_content":"","_et_gb_content_width":"","footnotes":""},"categories":[11,33],"tags":[],"class_list":["post-43403","post","type-post","status-publish","format-standard","has-post-thumbnail","hentry","category-ciudad","category-sociedad-y-cultura-2"],"_links":{"self":[{"href":"https:\/\/vocesdebaires.com.ar\/index.php\/wp-json\/wp\/v2\/posts\/43403"}],"collection":[{"href":"https:\/\/vocesdebaires.com.ar\/index.php\/wp-json\/wp\/v2\/posts"}],"about":[{"href":"https:\/\/vocesdebaires.com.ar\/index.php\/wp-json\/wp\/v2\/types\/post"}],"author":[{"embeddable":true,"href":"https:\/\/vocesdebaires.com.ar\/index.php\/wp-json\/wp\/v2\/users\/2"}],"replies":[{"embeddable":true,"href":"https:\/\/vocesdebaires.com.ar\/index.php\/wp-json\/wp\/v2\/comments?post=43403"}],"version-history":[{"count":1,"href":"https:\/\/vocesdebaires.com.ar\/index.php\/wp-json\/wp\/v2\/posts\/43403\/revisions"}],"predecessor-version":[{"id":43405,"href":"https:\/\/vocesdebaires.com.ar\/index.php\/wp-json\/wp\/v2\/posts\/43403\/revisions\/43405"}],"wp:featuredmedia":[{"embeddable":true,"href":"https:\/\/vocesdebaires.com.ar\/index.php\/wp-json\/wp\/v2\/media\/43404"}],"wp:attachment":[{"href":"https:\/\/vocesdebaires.com.ar\/index.php\/wp-json\/wp\/v2\/media?parent=43403"}],"wp:term":[{"taxonomy":"category","embeddable":true,"href":"https:\/\/vocesdebaires.com.ar\/index.php\/wp-json\/wp\/v2\/categories?post=43403"},{"taxonomy":"post_tag","embeddable":true,"href":"https:\/\/vocesdebaires.com.ar\/index.php\/wp-json\/wp\/v2\/tags?post=43403"}],"curies":[{"name":"wp","href":"https:\/\/api.w.org\/{rel}","templated":true}]}}