{"id":43407,"date":"2023-04-14T00:00:57","date_gmt":"2023-04-14T03:00:57","guid":{"rendered":"https:\/\/vocesdebaires.com.ar\/?p=43407"},"modified":"2023-04-13T23:49:49","modified_gmt":"2023-04-14T02:49:49","slug":"la-reconocida-marca-de-cafeteria-cafe-martinez-y-sus-90-anos","status":"publish","type":"post","link":"https:\/\/vocesdebaires.com.ar\/index.php\/2023\/04\/14\/la-reconocida-marca-de-cafeteria-cafe-martinez-y-sus-90-anos\/","title":{"rendered":"La reconocida marca de cafeter\u00eda Caf\u00e9 Martinez y sus 90 a\u00f1os"},"content":{"rendered":"<p>El mi\u00e9rcoles 17 de Marzo la reconocida marca de cafeter\u00eda Caf\u00e9 Martinez celebr\u00f3 sus 90 a\u00f1os en el rubro. En realidad, para hacer un poco de historia nos remontamos a 1928 cuando Atiliano Mart\u00ednez , desembarco en la Argentina desde Espa\u00f1a, ya instalado en el pa\u00ecs Atiliano se inici\u00f3 en el mercado del caf\u00e9 tostado junto a la empresa Torres, pero poco a poco fue haciendo su clientela..<\/p>\n<p>Martinez en 1931 abri\u00f3 su primer local de caf\u00e9 en la Ciudad porte\u00f1a y lo llamo \u201cEl Convidado\u201d, pero todos lo conoc\u00edan como \u201cel caf\u00e9 de Mart\u00ednez\u201d Con el tiempo, su peque\u00f1o emprendimiento fue creciendo y ganando popularidad gracias a la calidad del caf\u00e9 que serv\u00eda y el ambiente acogedor que ofrec\u00eda. Fue as\u00ed c\u00f3mo naci\u00f3 Caf\u00e9 Martinez, una marca que hoy en d\u00eda es toda una tradici\u00f3n, en calidad, amor y pasi\u00f3n por el caf\u00e9.<\/p>\n<p>Caf\u00e9 Martinez ha sabido mantener su esencia y su compromiso con la calidad, el amor y la pasi\u00f3n por el caf\u00e9, esto va desde la selecci\u00f3n de los granos hasta la preparaci\u00f3n de cada pocillo , la marca cuida cada detalle para ofrecer la mejor experiencia posible a sus clientes Desde que se sumaron al Sistema de Franquicias hace poco m\u00e1s de 20 a\u00f1os, Caf\u00e9 Martinez logr\u00f3 la apertura de casi 190 franquicias en Argentina y otros tantos en el exterior, a trav\u00e9s de sus diversos modelos de negocios que se adaptan tanto a los requerimientos del inversor como a las caracter\u00edsticas sociodemogr\u00e1ficas<\/p>\n<p>En la actualidad la marca es administrada por la tercera generaci\u00f3n de la familia Martinez, Mauro, Claudia y Marcelo Salas Martinez. \u201cCrecieron entre bolsas de arpilleras con olor a caf\u00e9. Hoy con 90 a\u00f1os de historia, Caf\u00e9 Martinez logro posicionarse como una de las marcas l\u00edderes en la industria del caf\u00e9 en Argentina. y con 70 a\u00f1os en el mercado decidieron adentrarse en el Sistema de Franquicias, con el respaldo de una s\u00f3lida experiencia adquirida a lo largo de tantos a\u00f1os. As\u00ed llegaron en el 2022 a m\u00e1s de 200 locales, no s\u00f3lo en Argentina, sino que han expandido su presencia a nivel internacional con presencia en pa\u00edses como Chile, Uruguay, Paraguay, Per\u00fa y M\u00e9xico.<\/p>\n<p>Caf\u00e9 Martinez toda una leyenda del caf\u00e9 hecho con amor y coraz\u00f3n .Para celebrar su 90\u00b0 aniversario y la reapertura del local madre Casa Martinez en Talcahuano 948 CABA ,la casa ha preparado una serie de actividades y promociones especiales que se extender\u00e1n a lo largo de todo el a\u00f1o. Entre ellas, destaca el lanzamiento de una edici\u00f3n limitada de caf\u00e9 conmemorativo y la realizaci\u00f3n de un concurso en el que los clientes podr\u00e1n participar por la oportunidad de ganar premios y descuentos exclusivos.<\/p>\n","protected":false},"excerpt":{"rendered":"<p>El mi\u00e9rcoles 17 de Marzo la reconocida marca de cafeter\u00eda Caf\u00e9 Martinez celebr\u00f3 sus 90 a\u00f1os en el rubro. En realidad, para hacer un poco de historia nos remontamos a 1928 cuando Atiliano Mart\u00ednez , desembarco en la Argentina desde Espa\u00f1a, ya instalado en el pa\u00ecs Atiliano se inici\u00f3 en el mercado del caf\u00e9 tostado [&hellip;]<\/p>\n","protected":false},"author":2,"featured_media":43408,"comment_status":"open","ping_status":"open","sticky":false,"template":"","format":"standard","meta":{"_et_pb_use_builder":"","_et_pb_old_content":"","_et_gb_content_width":"","footnotes":""},"categories":[11,33],"tags":[],"class_list":["post-43407","post","type-post","status-publish","format-standard","has-post-thumbnail","hentry","category-ciudad","category-sociedad-y-cultura-2"],"_links":{"self":[{"href":"https:\/\/vocesdebaires.com.ar\/index.php\/wp-json\/wp\/v2\/posts\/43407"}],"collection":[{"href":"https:\/\/vocesdebaires.com.ar\/index.php\/wp-json\/wp\/v2\/posts"}],"about":[{"href":"https:\/\/vocesdebaires.com.ar\/index.php\/wp-json\/wp\/v2\/types\/post"}],"author":[{"embeddable":true,"href":"https:\/\/vocesdebaires.com.ar\/index.php\/wp-json\/wp\/v2\/users\/2"}],"replies":[{"embeddable":true,"href":"https:\/\/vocesdebaires.com.ar\/index.php\/wp-json\/wp\/v2\/comments?post=43407"}],"version-history":[{"count":1,"href":"https:\/\/vocesdebaires.com.ar\/index.php\/wp-json\/wp\/v2\/posts\/43407\/revisions"}],"predecessor-version":[{"id":43409,"href":"https:\/\/vocesdebaires.com.ar\/index.php\/wp-json\/wp\/v2\/posts\/43407\/revisions\/43409"}],"wp:featuredmedia":[{"embeddable":true,"href":"https:\/\/vocesdebaires.com.ar\/index.php\/wp-json\/wp\/v2\/media\/43408"}],"wp:attachment":[{"href":"https:\/\/vocesdebaires.com.ar\/index.php\/wp-json\/wp\/v2\/media?parent=43407"}],"wp:term":[{"taxonomy":"category","embeddable":true,"href":"https:\/\/vocesdebaires.com.ar\/index.php\/wp-json\/wp\/v2\/categories?post=43407"},{"taxonomy":"post_tag","embeddable":true,"href":"https:\/\/vocesdebaires.com.ar\/index.php\/wp-json\/wp\/v2\/tags?post=43407"}],"curies":[{"name":"wp","href":"https:\/\/api.w.org\/{rel}","templated":true}]}}