{"id":43416,"date":"2023-04-17T00:00:39","date_gmt":"2023-04-17T03:00:39","guid":{"rendered":"https:\/\/vocesdebaires.com.ar\/?p=43416"},"modified":"2023-04-16T17:13:28","modified_gmt":"2023-04-16T20:13:28","slug":"ciudaddeclararon-de-interes-al-espectaculo-coplas-y-aromas-viajeros","status":"publish","type":"post","link":"https:\/\/vocesdebaires.com.ar\/index.php\/2023\/04\/17\/ciudaddeclararon-de-interes-al-espectaculo-coplas-y-aromas-viajeros\/","title":{"rendered":"Ciudad:Declararon de Inter\u00e9s al espect\u00e1culo \u201cCoplas y aromas viajeros\u201d"},"content":{"rendered":"<p>El Cuerpo Legislativo declar\u00f3 de Inter\u00e9s Cultural al espect\u00e1culo \u201cCopas y aromas viajeros\u201d, del m\u00fasico y cantautor David Veliz. El acto se llev\u00f3 a cabo en el Sal\u00f3n Dorado y cont\u00f3 con la presencia de la legisladora y autora del proyecto Laura Velasco y el artista homenajeado. Quien adem\u00e1s brind\u00f3 un show musical dentro del Palacio Legislativo. En el comienzo de los discursos, Velasco calific\u00f3 a la m\u00fasica de David como \u201ccomprometida y que nos invita al encuentro\u201d. A su vez, destac\u00f3 que la distinci\u00f3n es \u201cotorgar una valoraci\u00f3n simb\u00f3lica en torno a la labor cultural que viene desarrollando David, en su trabajo y en su trayectoria\u201d.<\/p>\n<p>Y determin\u00f3: \u201cEs fundamental que valoricemos y reivindiquemos a los artistas populares y hacerlos parte de un acervo que tenemos como Ciudad de Buenos Aires, que aloja distintos ritmos y culturas y de distintos lugares de nuestro pa\u00eds y de los pa\u00edses latinoamericanos\u201d. Por su parte, Veliz agradeci\u00f3 a los presentes y a la diputada por el reconocimiento. \u201cSiempre acompa\u00f1amos con nuestra m\u00fasica y se arm\u00f3 una linda mixtura porque hay una revalorizaci\u00f3n del folcklore.<\/p>\n<p>Y para m\u00ed, como artista independiente, esto es muy motivador y muy inspirador\u201d. Y concluy\u00f3 que son muchos los artistas que est\u00e1n generando a trav\u00e9s de la poes\u00eda, la m\u00fasica, el baile, la danza y el arte. En su espect\u00e1culo \u201c\u00bbCoplas y aromas viajeros\u00bb\u201d David propone un recorrido por el cancionero Folkl\u00f3rico Argentino Latinoamericano de composiciones propias y de obras nuevas de otros artistas que comparten escenarios en nuestro pa\u00eds.<\/p>\n<p>El repertorio en\u00e9rgico y alegre, incluye canciones tradicionales dentro de las estructuras de los g\u00e9neros populares bailables para ballets folkl\u00f3ricos y grupos de personas que acuden a pe\u00f1as y plazas, tambi\u00e9n canciones de ra\u00edz tradicional fuera de las estructuras de baile. En la \u00faltima d\u00e9cada comprometido con la producci\u00f3n de espect\u00e1culos y ciclos en Capital Federal y Provincia de Buenos Aires, entre los que se pueden destacar \u201cFolklore en Jam\u201d, \u201cArtista en vuelo\u201d, \u201cFesteja Folklore\u201d; \u201cPe\u00f1a Central Norte\u201d, \u201cNoche de Zamba\u201d y \u201cLa Tel\u00farica\u201d.<\/p>\n","protected":false},"excerpt":{"rendered":"<p>El Cuerpo Legislativo declar\u00f3 de Inter\u00e9s Cultural al espect\u00e1culo \u201cCopas y aromas viajeros\u201d, del m\u00fasico y cantautor David Veliz. El acto se llev\u00f3 a cabo en el Sal\u00f3n Dorado y cont\u00f3 con la presencia de la legisladora y autora del proyecto Laura Velasco y el artista homenajeado. Quien adem\u00e1s brind\u00f3 un show musical dentro del [&hellip;]<\/p>\n","protected":false},"author":3,"featured_media":43417,"comment_status":"open","ping_status":"open","sticky":false,"template":"","format":"standard","meta":{"_et_pb_use_builder":"","_et_pb_old_content":"","_et_gb_content_width":"","footnotes":""},"categories":[11,33],"tags":[],"class_list":["post-43416","post","type-post","status-publish","format-standard","has-post-thumbnail","hentry","category-ciudad","category-sociedad-y-cultura-2"],"_links":{"self":[{"href":"https:\/\/vocesdebaires.com.ar\/index.php\/wp-json\/wp\/v2\/posts\/43416"}],"collection":[{"href":"https:\/\/vocesdebaires.com.ar\/index.php\/wp-json\/wp\/v2\/posts"}],"about":[{"href":"https:\/\/vocesdebaires.com.ar\/index.php\/wp-json\/wp\/v2\/types\/post"}],"author":[{"embeddable":true,"href":"https:\/\/vocesdebaires.com.ar\/index.php\/wp-json\/wp\/v2\/users\/3"}],"replies":[{"embeddable":true,"href":"https:\/\/vocesdebaires.com.ar\/index.php\/wp-json\/wp\/v2\/comments?post=43416"}],"version-history":[{"count":1,"href":"https:\/\/vocesdebaires.com.ar\/index.php\/wp-json\/wp\/v2\/posts\/43416\/revisions"}],"predecessor-version":[{"id":43418,"href":"https:\/\/vocesdebaires.com.ar\/index.php\/wp-json\/wp\/v2\/posts\/43416\/revisions\/43418"}],"wp:featuredmedia":[{"embeddable":true,"href":"https:\/\/vocesdebaires.com.ar\/index.php\/wp-json\/wp\/v2\/media\/43417"}],"wp:attachment":[{"href":"https:\/\/vocesdebaires.com.ar\/index.php\/wp-json\/wp\/v2\/media?parent=43416"}],"wp:term":[{"taxonomy":"category","embeddable":true,"href":"https:\/\/vocesdebaires.com.ar\/index.php\/wp-json\/wp\/v2\/categories?post=43416"},{"taxonomy":"post_tag","embeddable":true,"href":"https:\/\/vocesdebaires.com.ar\/index.php\/wp-json\/wp\/v2\/tags?post=43416"}],"curies":[{"name":"wp","href":"https:\/\/api.w.org\/{rel}","templated":true}]}}