{"id":43422,"date":"2023-04-17T00:00:18","date_gmt":"2023-04-17T03:00:18","guid":{"rendered":"https:\/\/vocesdebaires.com.ar\/?p=43422"},"modified":"2023-04-16T17:20:50","modified_gmt":"2023-04-16T20:20:50","slug":"fue-declarada-de-interes-legislativo-antologia-de-apiaba","status":"publish","type":"post","link":"https:\/\/vocesdebaires.com.ar\/index.php\/2023\/04\/17\/fue-declarada-de-interes-legislativo-antologia-de-apiaba\/","title":{"rendered":"Fue declarada de Inter\u00e9s legislativo Antolog\u00eda de APIABA"},"content":{"rendered":"<p>Los legisladores de la Ciudad declararon de Inter\u00e9s para la promoci\u00f3n de los derechos de la ni\u00f1ez, adolescencia y juventud al libro \u201cAntolog\u00eda del Encuentro Literario Infancias y Adolescencias por los Derechos Humanos\u201d, de la Asamblea por las Infancias y Adolescencias de Buenos Aires (APIABA). El acto se desarroll\u00f3 en el Sal\u00f3n Alfons\u00edn y cont\u00f3 con la presencia de la legisladora y autora del proyecto Laura Velasco, la ex legisladora e integrante de APIABA Mar\u00eda Elena Naddeo, el Secretario Nacional de Ni\u00f1ez, Adolescencia y Familia del Ministerio de Desarrollo Social Gabriel Lerner, el Miembro de la Comisi\u00f3n Directiva de la Asociaci\u00f3n Civil La Casona de los Barriletes Leonardo Petris, la docente y psicomotricista Liz Muzlera y el Presidente de Asociaci\u00f3n Amanecer Grupo Casa-Taller Francisco Javier Ghiglino.<\/p>\n<p>Velasco agradeci\u00f3 el acompa\u00f1amiento y destac\u00f3: \u201cEn ese andar hemos construido miradas en torno a los derechos de las infancias y adolescencias y hemos escuchado las voces de ni\u00f1os, ni\u00f1as y adolescentes para pensar las pol\u00edticas p\u00fablicas. Y ah\u00ed hay un cambio importante, en el sentido de entender a los ni\u00f1os como sujetes de derecho\u201d. Y abog\u00f3 por salir de la mirada adultoc\u00e9ntrica. En tanto que Naddeo recalc\u00f3: \u201cSomos quienes de alguna manera empujamos la aplicaci\u00f3n de la Convenci\u00f3n Internacional de los Derechos del Ni\u00f1o en nuestro pa\u00eds\u201d. Tambi\u00e9n determin\u00f3 que escuchar la voz de los pibes y de las pibas \u201ces un mandato \u00e9tico y un compromiso muy fuerte\u201d.<\/p>\n<p>Por su parte, Lerner puntualiz\u00f3 en el merecimiento \u201cpor las largas, s\u00f3lidas, abnegadas y solidarias militancias\u201d de los presentes en la mesa. Y puntualiz\u00f3 que el trabajo ha sido producto fundamentalmente de la participaci\u00f3n infantil y adolescente: \u201cLa obra es de los pibes y de las pibas. En nuestra sociedad se est\u00e1n abriendo m\u00e1s cauce de protagonismo infantil y adolescente\u201d.<\/p>\n<p>El libro \u201cAntolog\u00eda del Encuentro Literario Infancia y Adolescencias por los Derechos Humanos\u201d de la Asamblea por las Infancias y Adolescencias de Buenos Aires (APIABA) recopila las creaciones con perspectiva de derechos humanos de ni\u00f1as, ni\u00f1os y adolescentes de todo el pa\u00eds dentro del Encuentro Literario. La convocatoria invit\u00f3 a ni\u00f1os, ni\u00f1as y adolescentes de 9 a 17 a\u00f1os a escribir poes\u00edas, cuentos o relatos en diversos ejes tem\u00e1ticos: Identidad, Memoria, G\u00e9nero, Diversidades, Soberan\u00eda Alimentaria, H\u00e1bitat, Cuidado del Medio Ambiente, Educaci\u00f3n, Salud Comunitaria, Cultura entre otros.<\/p>\n","protected":false},"excerpt":{"rendered":"<p>Los legisladores de la Ciudad declararon de Inter\u00e9s para la promoci\u00f3n de los derechos de la ni\u00f1ez, adolescencia y juventud al libro \u201cAntolog\u00eda del Encuentro Literario Infancias y Adolescencias por los Derechos Humanos\u201d, de la Asamblea por las Infancias y Adolescencias de Buenos Aires (APIABA). El acto se desarroll\u00f3 en el Sal\u00f3n Alfons\u00edn y cont\u00f3 [&hellip;]<\/p>\n","protected":false},"author":3,"featured_media":43423,"comment_status":"open","ping_status":"open","sticky":false,"template":"","format":"standard","meta":{"_et_pb_use_builder":"","_et_pb_old_content":"","_et_gb_content_width":"","footnotes":""},"categories":[11,33],"tags":[],"class_list":["post-43422","post","type-post","status-publish","format-standard","has-post-thumbnail","hentry","category-ciudad","category-sociedad-y-cultura-2"],"_links":{"self":[{"href":"https:\/\/vocesdebaires.com.ar\/index.php\/wp-json\/wp\/v2\/posts\/43422"}],"collection":[{"href":"https:\/\/vocesdebaires.com.ar\/index.php\/wp-json\/wp\/v2\/posts"}],"about":[{"href":"https:\/\/vocesdebaires.com.ar\/index.php\/wp-json\/wp\/v2\/types\/post"}],"author":[{"embeddable":true,"href":"https:\/\/vocesdebaires.com.ar\/index.php\/wp-json\/wp\/v2\/users\/3"}],"replies":[{"embeddable":true,"href":"https:\/\/vocesdebaires.com.ar\/index.php\/wp-json\/wp\/v2\/comments?post=43422"}],"version-history":[{"count":1,"href":"https:\/\/vocesdebaires.com.ar\/index.php\/wp-json\/wp\/v2\/posts\/43422\/revisions"}],"predecessor-version":[{"id":43424,"href":"https:\/\/vocesdebaires.com.ar\/index.php\/wp-json\/wp\/v2\/posts\/43422\/revisions\/43424"}],"wp:featuredmedia":[{"embeddable":true,"href":"https:\/\/vocesdebaires.com.ar\/index.php\/wp-json\/wp\/v2\/media\/43423"}],"wp:attachment":[{"href":"https:\/\/vocesdebaires.com.ar\/index.php\/wp-json\/wp\/v2\/media?parent=43422"}],"wp:term":[{"taxonomy":"category","embeddable":true,"href":"https:\/\/vocesdebaires.com.ar\/index.php\/wp-json\/wp\/v2\/categories?post=43422"},{"taxonomy":"post_tag","embeddable":true,"href":"https:\/\/vocesdebaires.com.ar\/index.php\/wp-json\/wp\/v2\/tags?post=43422"}],"curies":[{"name":"wp","href":"https:\/\/api.w.org\/{rel}","templated":true}]}}