{"id":43429,"date":"2023-04-17T00:00:54","date_gmt":"2023-04-17T03:00:54","guid":{"rendered":"https:\/\/vocesdebaires.com.ar\/?p=43429"},"modified":"2023-04-16T17:36:49","modified_gmt":"2023-04-16T20:36:49","slug":"la-legislatura-portena-conmemoro-el-dia-de-las-americas","status":"publish","type":"post","link":"https:\/\/vocesdebaires.com.ar\/index.php\/2023\/04\/17\/la-legislatura-portena-conmemoro-el-dia-de-las-americas\/","title":{"rendered":"La Legislatura porte\u00f1a: Conmemor\u00f3 el D\u00eda de las Am\u00e9ricas"},"content":{"rendered":"<p>A trav\u00e9s de un proyecto presentado por la legisladora porte\u00f1a Ana Mar\u00eda Bou P\u00e9rez, el Cuerpo Legislativo celebr\u00f3 la soberan\u00eda de todos las Rep\u00fablicas Americanas como todos los 14 de abril. El Cuerpo Legislativo conmemor\u00f3 el D\u00eda de las Am\u00e9ricas, como todos los 14 de abril de cada a\u00f1o. El acto se llev\u00f3 a cabo en el sal\u00f3n Hip\u00f3lito Yrigoyen y cont\u00f3 con las palabras de la legisladora y autora de la declaraci\u00f3n Ana Mar\u00eda Bou P\u00e9rez, el vicepresidente de la Federaci\u00f3n Argentina de Colectividades Juan Sarrafian y la subsecretaria de Derechos Humanos y Pluralismo Pamela Malewicz.<\/p>\n<p>Tambi\u00e9n estuvieron presentes las colectividades de Venezuela, Bolivia, Per\u00fa, Paraguay, Colombia, adem\u00e1s de la representaci\u00f3n argentina. Y quienes realizaron n\u00fameros musicales. En el comienzo de las alocuciones, Bou P\u00e9rez resalt\u00f3 \u201cEs un d\u00eda especial porque se celebra el continente americano, este continente nuevo, rico y hermoso, que tiene mucho por desarrollar y explorar\u201d. Adem\u00e1s puntualiz\u00f3 en la uni\u00f3n americana en forma voluntaria y en observarnos \u201cen estos momentos dif\u00edciles para mirarnos entre todos y disfrutar de nuestras culturas y bellezas\u201d.<\/p>\n<p>En tanto que Malewicz subray\u00f3 que es \u201cun honor estar en esta Casa\u201d y en participar de la celebraci\u00f3n. \u201cQuiero destacar la importancia de estas iniciativas que siguen poniendo en agenda los valores que tienen que ver con la convivencia, que supimos construir a lo largo de tantos a\u00f1os\u201d, recalc\u00f3. Finalmente Sarrafian agradeci\u00f3 a los organizadores \u201cesta justa y feliz idea de festejarnos a nosotros mismos\u201d. A su vez coment\u00f3 que la Federaci\u00f3n Argentina de Colectividades cumplir\u00e1 50 a\u00f1os de vida y que est\u00e1 conformada por m\u00e1s de 53 colectividades existentes en la Ciudad y que son parte de \u201cesta idea de la Am\u00e9rica toda\u201d. Y determin\u00f3:<\/p>\n<p>\u201cHemos demostrado que la Ciudad de Buenos Aires es el lugar donde nos encontramos todos aquellos que queremos un horizonte y un futuro mejor\u201d. El D\u00eda de las Am\u00e9ricas es una celebraci\u00f3n anual que tiene lugar el 14 de abril en todas las rep\u00fablicas americanas, como s\u00edmbolo de su soberan\u00eda y de su uni\u00f3n voluntaria en una comunidad continental. Cada a\u00f1o, se celebra esta conmemoraci\u00f3n que simboliza la uni\u00f3n existente entre las Rep\u00fablicas Americanas de forma voluntaria, dentro de una Comunidad Continental, para alcanzar la paz y la solidaridad de los pueblos y con el objetivo de dar a conocer la soberan\u00eda.<\/p>\n","protected":false},"excerpt":{"rendered":"<p>A trav\u00e9s de un proyecto presentado por la legisladora porte\u00f1a Ana Mar\u00eda Bou P\u00e9rez, el Cuerpo Legislativo celebr\u00f3 la soberan\u00eda de todos las Rep\u00fablicas Americanas como todos los 14 de abril. El Cuerpo Legislativo conmemor\u00f3 el D\u00eda de las Am\u00e9ricas, como todos los 14 de abril de cada a\u00f1o. El acto se llev\u00f3 a cabo [&hellip;]<\/p>\n","protected":false},"author":2,"featured_media":43430,"comment_status":"open","ping_status":"open","sticky":false,"template":"","format":"standard","meta":{"_et_pb_use_builder":"","_et_pb_old_content":"","_et_gb_content_width":"","footnotes":""},"categories":[11,33],"tags":[],"class_list":["post-43429","post","type-post","status-publish","format-standard","has-post-thumbnail","hentry","category-ciudad","category-sociedad-y-cultura-2"],"_links":{"self":[{"href":"https:\/\/vocesdebaires.com.ar\/index.php\/wp-json\/wp\/v2\/posts\/43429"}],"collection":[{"href":"https:\/\/vocesdebaires.com.ar\/index.php\/wp-json\/wp\/v2\/posts"}],"about":[{"href":"https:\/\/vocesdebaires.com.ar\/index.php\/wp-json\/wp\/v2\/types\/post"}],"author":[{"embeddable":true,"href":"https:\/\/vocesdebaires.com.ar\/index.php\/wp-json\/wp\/v2\/users\/2"}],"replies":[{"embeddable":true,"href":"https:\/\/vocesdebaires.com.ar\/index.php\/wp-json\/wp\/v2\/comments?post=43429"}],"version-history":[{"count":1,"href":"https:\/\/vocesdebaires.com.ar\/index.php\/wp-json\/wp\/v2\/posts\/43429\/revisions"}],"predecessor-version":[{"id":43431,"href":"https:\/\/vocesdebaires.com.ar\/index.php\/wp-json\/wp\/v2\/posts\/43429\/revisions\/43431"}],"wp:featuredmedia":[{"embeddable":true,"href":"https:\/\/vocesdebaires.com.ar\/index.php\/wp-json\/wp\/v2\/media\/43430"}],"wp:attachment":[{"href":"https:\/\/vocesdebaires.com.ar\/index.php\/wp-json\/wp\/v2\/media?parent=43429"}],"wp:term":[{"taxonomy":"category","embeddable":true,"href":"https:\/\/vocesdebaires.com.ar\/index.php\/wp-json\/wp\/v2\/categories?post=43429"},{"taxonomy":"post_tag","embeddable":true,"href":"https:\/\/vocesdebaires.com.ar\/index.php\/wp-json\/wp\/v2\/tags?post=43429"}],"curies":[{"name":"wp","href":"https:\/\/api.w.org\/{rel}","templated":true}]}}