{"id":43432,"date":"2023-04-17T00:00:39","date_gmt":"2023-04-17T03:00:39","guid":{"rendered":"https:\/\/vocesdebaires.com.ar\/?p=43432"},"modified":"2023-04-16T17:35:41","modified_gmt":"2023-04-16T20:35:41","slug":"escuelas-portenas-burzaco-y-acuna-visitando-los-espacios-seguros-instalados","status":"publish","type":"post","link":"https:\/\/vocesdebaires.com.ar\/index.php\/2023\/04\/17\/escuelas-portenas-burzaco-y-acuna-visitando-los-espacios-seguros-instalados\/","title":{"rendered":"Escuelas: Burzaco y Acu\u00f1a visitando los Espacios Seguros instalados"},"content":{"rendered":"<p>El ministro de Justicia y Seguridad, Eugenio Burzaco, y la ministra de Educaci\u00f3n, Soledad Acu\u00f1a, realizaron una visita al Jard\u00edn 13, del Distrito escolar N\u00ba 4, en Puerto Madero, donde recorrieron las instalaciones y observaron el \u201cEspacio Seguro\u201d, un lugar dentro de la escuela que contiene un sistema de seguridad electr\u00f3nico implementado con c\u00e1maras, sensores de movimiento y alarmas, monitoreado por el Ministerio de Justicia y Seguridad porte\u00f1o, y destinado para el resguardo del material valioso del establecimiento educativo, particularmente equipamiento tecnol\u00f3gico del Plan Sarmiento.<\/p>\n<p>\u201cNuestra pasi\u00f3n y nuestro trabajo es cuidar a nuestros hijos que son el futuro de la sociedad. Hoy recorrimos el Jard\u00edn Integral N\u00famero 13, de Puerto Madero, trabajando sobre el principio de \u201cEspacios Seguros\u201d. Ya son 80 espacios que cuidamos sobre todo para preservar y cuidar los bienes m\u00e1s preciados que tienen los chicos que son las computadoras, sus salas de rob\u00f3tica y sus tabletas digitales que les permiten conectar con el futuro\u201d, se\u00f1al\u00f3 Burzaco al finalizar la recorrida por el jard\u00edn de infantes que atiende principalmente a la poblaci\u00f3n del barrio Rodrigo Bueno y es parte del plan que se implement\u00f3 en 80 escuelas y a las que se sumar\u00e1n 150 m\u00e1s durante el resto del a\u00f1o.<\/p>\n<p>Por su parte, Soledad Acu\u00f1a destac\u00f3 que \u201cestos espacios requieren obviamente una gran inversi\u00f3n de parte del Estado en la compra de tecnolog\u00eda y necesitaban seguridad, porque ya hemos sufrido muchos robos. Por eso tenemos 80 escuelas en la Ciudad de Buenos Aires que ya tienen Espacio Seguro que tienen alarmas, sensores, rejas y est\u00e1n bien protegidos\u201d.<\/p>\n<p>Adem\u00e1s, Acu\u00f1a resalt\u00f3 que \u201cno s\u00f3lo se piensa en los bienes, sino tambi\u00e9n en las personas, en la comunidad educativa, porque para que los chicos aprendan mejor tienen que sentirse cuidados, tienen que sentirse protegidos y eso tambi\u00e9n cubre obviamente a los docentes y a la familia, que tienen que sentir que la escuela, es el mejor lugar para sus hijos\u201d. \u201cEspacios Seguros\u201d comenz\u00f3 a dise\u00f1arse para prevenir robos en distintos centros educativos de la Ciudad, y proteger importantes dispositivos tecnol\u00f3gicos, que ofrecen un aporte a la innovaci\u00f3n en los procesos de ense\u00f1anza y aprendizaje, en el marco de los desaf\u00edos que plantea la sociedad digital.<\/p>\n","protected":false},"excerpt":{"rendered":"<p>El ministro de Justicia y Seguridad, Eugenio Burzaco, y la ministra de Educaci\u00f3n, Soledad Acu\u00f1a, realizaron una visita al Jard\u00edn 13, del Distrito escolar N\u00ba 4, en Puerto Madero, donde recorrieron las instalaciones y observaron el \u201cEspacio Seguro\u201d, un lugar dentro de la escuela que contiene un sistema de seguridad electr\u00f3nico implementado con c\u00e1maras, sensores [&hellip;]<\/p>\n","protected":false},"author":2,"featured_media":43433,"comment_status":"open","ping_status":"open","sticky":false,"template":"","format":"standard","meta":{"_et_pb_use_builder":"","_et_pb_old_content":"","_et_gb_content_width":"","footnotes":""},"categories":[11,33],"tags":[],"class_list":["post-43432","post","type-post","status-publish","format-standard","has-post-thumbnail","hentry","category-ciudad","category-sociedad-y-cultura-2"],"_links":{"self":[{"href":"https:\/\/vocesdebaires.com.ar\/index.php\/wp-json\/wp\/v2\/posts\/43432"}],"collection":[{"href":"https:\/\/vocesdebaires.com.ar\/index.php\/wp-json\/wp\/v2\/posts"}],"about":[{"href":"https:\/\/vocesdebaires.com.ar\/index.php\/wp-json\/wp\/v2\/types\/post"}],"author":[{"embeddable":true,"href":"https:\/\/vocesdebaires.com.ar\/index.php\/wp-json\/wp\/v2\/users\/2"}],"replies":[{"embeddable":true,"href":"https:\/\/vocesdebaires.com.ar\/index.php\/wp-json\/wp\/v2\/comments?post=43432"}],"version-history":[{"count":2,"href":"https:\/\/vocesdebaires.com.ar\/index.php\/wp-json\/wp\/v2\/posts\/43432\/revisions"}],"predecessor-version":[{"id":43435,"href":"https:\/\/vocesdebaires.com.ar\/index.php\/wp-json\/wp\/v2\/posts\/43432\/revisions\/43435"}],"wp:featuredmedia":[{"embeddable":true,"href":"https:\/\/vocesdebaires.com.ar\/index.php\/wp-json\/wp\/v2\/media\/43433"}],"wp:attachment":[{"href":"https:\/\/vocesdebaires.com.ar\/index.php\/wp-json\/wp\/v2\/media?parent=43432"}],"wp:term":[{"taxonomy":"category","embeddable":true,"href":"https:\/\/vocesdebaires.com.ar\/index.php\/wp-json\/wp\/v2\/categories?post=43432"},{"taxonomy":"post_tag","embeddable":true,"href":"https:\/\/vocesdebaires.com.ar\/index.php\/wp-json\/wp\/v2\/tags?post=43432"}],"curies":[{"name":"wp","href":"https:\/\/api.w.org\/{rel}","templated":true}]}}