{"id":43437,"date":"2023-04-17T00:00:42","date_gmt":"2023-04-17T03:00:42","guid":{"rendered":"https:\/\/vocesdebaires.com.ar\/?p=43437"},"modified":"2023-04-16T17:41:23","modified_gmt":"2023-04-16T20:41:23","slug":"ciudadcapacitacion-para-trabajadores-de-areas-de-salud-y-laboral","status":"publish","type":"post","link":"https:\/\/vocesdebaires.com.ar\/index.php\/2023\/04\/17\/ciudadcapacitacion-para-trabajadores-de-areas-de-salud-y-laboral\/","title":{"rendered":"Ciudad:Capacitaci\u00f3n para trabajadores de \u00e1reas de salud y laboral"},"content":{"rendered":"<p>La subsecretar\u00eda de Trabajo de la Ciudad, que preside Ezequiel Jarvis, firm\u00f3 un convenio de colaboraci\u00f3n con la CGT, que estuvo representada en la reuni\u00f3n por Cristian Jer\u00f3nimo, y con la Fundaci\u00f3n Eco Reciclaje, coordinada por Marcos Videla. El acuerdo tiene como objetivo llevar adelante acciones conjuntas para promover la capacitaci\u00f3n de delegados y delegadas sindicales y, as\u00ed, profundizar los conocimientos relacionados a su rol y la defensa del medio ambiente.<\/p>\n<p>\u201cConsideramos que la educaci\u00f3n integral tiene una funci\u00f3n central para el desarrollo personal y profesional, y en este sentido avanzamos\u201d, se\u00f1al\u00f3 Jarvis y a\u00f1adi\u00f3: \u201cEs importante fomentar el desarrollo de medidas para prevenir y promover unas condiciones de trabajo apropiadas para la salud, la seguridad y el bienestar en el trabajo, as\u00ed como conocer en qu\u00e9 consiste una buena gesti\u00f3n de los recursos naturales\u201d. En ese sentido, dentro de los objetivos que contempla el acuerdo, se incluye poner en marcha cursos destinados a brindar formaci\u00f3n a quienes se desempe\u00f1an en las \u00e1reas de salud y seguridad ambiental y laboral.<\/p>\n<p>El objetivo tambi\u00e9n ser\u00e1 equipar a los participantes con conocimientos sobre la prevenci\u00f3n de los riesgos psicosociales, en el contexto de nuevas cargas de trabajo emocionales y mentales. Con esto, se buscar\u00e1 impulsar el desarrollo de acciones de prevenci\u00f3n y promoci\u00f3n de condiciones adecuadas para la salud, la seguridad y el bienestar en el lugar donde se desempe\u00f1an.<\/p>\n","protected":false},"excerpt":{"rendered":"<p>La subsecretar\u00eda de Trabajo de la Ciudad, que preside Ezequiel Jarvis, firm\u00f3 un convenio de colaboraci\u00f3n con la CGT, que estuvo representada en la reuni\u00f3n por Cristian Jer\u00f3nimo, y con la Fundaci\u00f3n Eco Reciclaje, coordinada por Marcos Videla. El acuerdo tiene como objetivo llevar adelante acciones conjuntas para promover la capacitaci\u00f3n de delegados y delegadas [&hellip;]<\/p>\n","protected":false},"author":2,"featured_media":43438,"comment_status":"open","ping_status":"open","sticky":false,"template":"","format":"standard","meta":{"_et_pb_use_builder":"","_et_pb_old_content":"","_et_gb_content_width":"","footnotes":""},"categories":[11,33],"tags":[],"class_list":["post-43437","post","type-post","status-publish","format-standard","has-post-thumbnail","hentry","category-ciudad","category-sociedad-y-cultura-2"],"_links":{"self":[{"href":"https:\/\/vocesdebaires.com.ar\/index.php\/wp-json\/wp\/v2\/posts\/43437"}],"collection":[{"href":"https:\/\/vocesdebaires.com.ar\/index.php\/wp-json\/wp\/v2\/posts"}],"about":[{"href":"https:\/\/vocesdebaires.com.ar\/index.php\/wp-json\/wp\/v2\/types\/post"}],"author":[{"embeddable":true,"href":"https:\/\/vocesdebaires.com.ar\/index.php\/wp-json\/wp\/v2\/users\/2"}],"replies":[{"embeddable":true,"href":"https:\/\/vocesdebaires.com.ar\/index.php\/wp-json\/wp\/v2\/comments?post=43437"}],"version-history":[{"count":1,"href":"https:\/\/vocesdebaires.com.ar\/index.php\/wp-json\/wp\/v2\/posts\/43437\/revisions"}],"predecessor-version":[{"id":43439,"href":"https:\/\/vocesdebaires.com.ar\/index.php\/wp-json\/wp\/v2\/posts\/43437\/revisions\/43439"}],"wp:featuredmedia":[{"embeddable":true,"href":"https:\/\/vocesdebaires.com.ar\/index.php\/wp-json\/wp\/v2\/media\/43438"}],"wp:attachment":[{"href":"https:\/\/vocesdebaires.com.ar\/index.php\/wp-json\/wp\/v2\/media?parent=43437"}],"wp:term":[{"taxonomy":"category","embeddable":true,"href":"https:\/\/vocesdebaires.com.ar\/index.php\/wp-json\/wp\/v2\/categories?post=43437"},{"taxonomy":"post_tag","embeddable":true,"href":"https:\/\/vocesdebaires.com.ar\/index.php\/wp-json\/wp\/v2\/tags?post=43437"}],"curies":[{"name":"wp","href":"https:\/\/api.w.org\/{rel}","templated":true}]}}