{"id":43440,"date":"2023-04-17T00:00:54","date_gmt":"2023-04-17T03:00:54","guid":{"rendered":"https:\/\/vocesdebaires.com.ar\/?p=43440"},"modified":"2023-04-16T17:44:31","modified_gmt":"2023-04-16T20:44:31","slug":"un-intendente-del-pro-pidio-un-candidato-unico-para-la-provincia","status":"publish","type":"post","link":"https:\/\/vocesdebaires.com.ar\/index.php\/2023\/04\/17\/un-intendente-del-pro-pidio-un-candidato-unico-para-la-provincia\/","title":{"rendered":"Un intendente del PRO pidi\u00f3 un candidato \u00fanico para la Provincia"},"content":{"rendered":"<p>Camilo Etchevarren, intendente de Dolores, se reuni\u00f3 con el precandidato a gobernador bonaerense y afirm\u00f3: \u201csaben que soy macrista, pero hay que terminar con las internas y definir los candidatos. Hoy el candidato es Santilli\u201d. Camilo Etchevarren, intendente de Dolores cercano a Mauricio Macri, recibi\u00f3 la visita del precandidato a gobernador bonaerense Diego Santilli y respald\u00f3 su candidatura de cara a las elecciones en la provincia de Buenos Aires.<\/p>\n<p>\u201cLos intendentes queremos ir con los candidatos m\u00e1s votados. Estamos hartos de esta pelea que no conduce a nada cuando somos todos conocidos de un espacio desde hace 20 a\u00f1os. La idea es unificar la candidatura de los m\u00e1s votados y hoy el candidato que est\u00e1 cabeza a cabeza con el gobernador es Diego Santilli\u201d, afirm\u00f3 Etchevarren. \u201cSaben que soy macrista, pero hay que terminar con las internas, definir los candidatos.<\/p>\n<p>Hoy el candidato es Santilli\u201d, se\u00f1al\u00f3. Adem\u00e1s, pidi\u00f3 \u201cbajar un programa\u201d con el objetivo de \u201cterminar con este gobierno que no sabemos ad\u00f3nde nos lleva\u201d. Por su parte, Santilli declar\u00f3: \u201cEs hora de que constituyamos una alternativa real, que depongamos esas actitudes que a veces salen en los medios y no nos hacen nada bien, que nos hacen parecer un espejo del oficialismo, y nos pongamos a trabajar para construir una alternativa a este gobierno que ha fracasado\u201d. \u201cTenemos que desburocratizar la provincia, fortalecer la autonom\u00eda de los intendentes y estar m\u00e1s cerca de los problemas de los vecinos\u201d, concluy\u00f3.<\/p>\n","protected":false},"excerpt":{"rendered":"<p>Camilo Etchevarren, intendente de Dolores, se reuni\u00f3 con el precandidato a gobernador bonaerense y afirm\u00f3: \u201csaben que soy macrista, pero hay que terminar con las internas y definir los candidatos. Hoy el candidato es Santilli\u201d. Camilo Etchevarren, intendente de Dolores cercano a Mauricio Macri, recibi\u00f3 la visita del precandidato a gobernador bonaerense Diego Santilli y [&hellip;]<\/p>\n","protected":false},"author":2,"featured_media":43441,"comment_status":"open","ping_status":"open","sticky":false,"template":"","format":"standard","meta":{"_et_pb_use_builder":"","_et_pb_old_content":"","_et_gb_content_width":"","footnotes":""},"categories":[34,13],"tags":[],"class_list":["post-43440","post","type-post","status-publish","format-standard","has-post-thumbnail","hentry","category-politica","category-provincia"],"_links":{"self":[{"href":"https:\/\/vocesdebaires.com.ar\/index.php\/wp-json\/wp\/v2\/posts\/43440"}],"collection":[{"href":"https:\/\/vocesdebaires.com.ar\/index.php\/wp-json\/wp\/v2\/posts"}],"about":[{"href":"https:\/\/vocesdebaires.com.ar\/index.php\/wp-json\/wp\/v2\/types\/post"}],"author":[{"embeddable":true,"href":"https:\/\/vocesdebaires.com.ar\/index.php\/wp-json\/wp\/v2\/users\/2"}],"replies":[{"embeddable":true,"href":"https:\/\/vocesdebaires.com.ar\/index.php\/wp-json\/wp\/v2\/comments?post=43440"}],"version-history":[{"count":1,"href":"https:\/\/vocesdebaires.com.ar\/index.php\/wp-json\/wp\/v2\/posts\/43440\/revisions"}],"predecessor-version":[{"id":43442,"href":"https:\/\/vocesdebaires.com.ar\/index.php\/wp-json\/wp\/v2\/posts\/43440\/revisions\/43442"}],"wp:featuredmedia":[{"embeddable":true,"href":"https:\/\/vocesdebaires.com.ar\/index.php\/wp-json\/wp\/v2\/media\/43441"}],"wp:attachment":[{"href":"https:\/\/vocesdebaires.com.ar\/index.php\/wp-json\/wp\/v2\/media?parent=43440"}],"wp:term":[{"taxonomy":"category","embeddable":true,"href":"https:\/\/vocesdebaires.com.ar\/index.php\/wp-json\/wp\/v2\/categories?post=43440"},{"taxonomy":"post_tag","embeddable":true,"href":"https:\/\/vocesdebaires.com.ar\/index.php\/wp-json\/wp\/v2\/tags?post=43440"}],"curies":[{"name":"wp","href":"https:\/\/api.w.org\/{rel}","templated":true}]}}