{"id":43443,"date":"2023-04-17T00:00:53","date_gmt":"2023-04-17T03:00:53","guid":{"rendered":"https:\/\/vocesdebaires.com.ar\/?p=43443"},"modified":"2023-04-16T17:48:39","modified_gmt":"2023-04-16T20:48:39","slug":"larreta-un-dirigente-que-dialoga-y-busca-acuerdos","status":"publish","type":"post","link":"https:\/\/vocesdebaires.com.ar\/index.php\/2023\/04\/17\/larreta-un-dirigente-que-dialoga-y-busca-acuerdos\/","title":{"rendered":"Larreta un dirigente que dialoga y busca acuerdos"},"content":{"rendered":"<p>La Presidente del Consejo Social de la Ciudad y l\u00edder de M\u00e1s Valores, Cynthia Hotton, resalt\u00f3 en declaraciones radiales el rol de su espacio en la conformaci\u00f3n de una \u201cgran coalici\u00f3n convocada por Horacio (Rodr\u00edguez Larreta)\u201d, con quien coincide en la necesidad de unidad para \u201cganarle al kirchnerismo y sobre todo, por la gran crisis econ\u00f3mica, social y pol\u00edtica que requiere de una gran transformaci\u00f3n e ir a fondo con medidas estructurales\u201d.<\/p>\n<p>\u201cEs fundamental impulsar el consenso y el di\u00e1logo, y para eso Horacio es un dirigente que sabe dialogar y buscar acuerdos como demostr\u00f3 durante la pandemia. Es algo imprescindible para el pa\u00eds que se viene\u201d, afirm\u00f3 en di\u00e1logo con RealPol\u00edtik FM. Adem\u00e1s, Hotton coment\u00f3 que, junto a Rodr\u00edguez Larreta, se reunieron con m\u00e1s de mil pastores evang\u00e9licos de la Provincia de Buenos Aires y de la Ciudad en un encuentro donde les presentaron \u201cla agenda social para transformar la Naci\u00f3n\u201d.<\/p>\n<p>\u201cExisten much\u00edsimas iglesias que tienen comedores comunitarios, hogares de ni\u00f1os, hogares para mujeres v\u00edctimas de violencia familiar, centros de rehabilitaci\u00f3n en adicciones. A todos ellos quisimos tambi\u00e9n agradecerles y reconocerlos en ese acto, adem\u00e1s de ponernos a disposici\u00f3n porque cumplen un rol fundamental en estas tareas, en lugares donde muchas veces el Estado no llega\u201d, coment\u00f3 Hotton. \u201cDesde el Consejo Social trabajamos de forma articulada con ministerios, ONGs, asociaciones civiles y universidades, en acciones concretas para mejorar la vida de la gente; en definitiva, para que las familias no pierdan la esperanza\u201d, resalt\u00f3 sobre la cartera que lidera hace tres meses.<\/p>\n<p>Al ser consultada sobre las medidas llevadas a cabo durante su actual gesti\u00f3n, Hotton destac\u00f3 que \u201cjunto al ministro de Salud (porte\u00f1o, Fern\u00e1n) Quir\u00f3s\u201d instalaron una central de turnos m\u00e9dicos exclusiva para hogares de ni\u00f1os de la Ciudad para agilizar su atenci\u00f3n m\u00e9dica. Asimismo, subray\u00f3: \u201cLogramos un convenio de colaboraci\u00f3n entre el Consejo Social de la Ciudad de Buenos Aires, el Ministerio de Salud de CABA y la Red Nacional de Embarazo Vulnerable para llevar a cabo algunas de las pol\u00edticas que establece la ley 27.611, entre ellas, la difusi\u00f3n de la l\u00ednea 0800 333 1148 y brindar capacitaci\u00f3n de la ley en hospital p\u00fablicos y centros de salud de CABA. Esta fue una norma votada por unanimidad por lo que hay una intenci\u00f3n de ayudar a la mujer embarazada e ir por la vida\u00bb.<\/p>\n<p>Respecto del clima de campa\u00f1a electoral actual, la ex diputada nacional remarc\u00f3 que \u201cse da en un contexto muy dif\u00edcil porque estamos en un tiempo muy complicado donde la gente no llega a fin de mes y vive con problemas de inseguridad\u201d.\u201cS\u00e9 del esfuerzo que est\u00e1 haciendo Horacio para sumar distintas miradas porque es lo que se necesita para hacer las grandes reformas que Argentina precisa\u201d, concluy\u00f3 Hotton, quien el pr\u00f3ximo lunes y martes visitar\u00e1 la ciudad de C\u00f3rdoba donde mantendr\u00e1 encuentros con pastores, empresarios, dirigentes del PRO local y lanzar\u00e1 M\u00e1s Valores C\u00f3rdoba Wilson Genesio, actual concejal de la ciudad de Arroyito, quien es el l\u00edder local de M\u00e1s Valores.<\/p>\n","protected":false},"excerpt":{"rendered":"<p>La Presidente del Consejo Social de la Ciudad y l\u00edder de M\u00e1s Valores, Cynthia Hotton, resalt\u00f3 en declaraciones radiales el rol de su espacio en la conformaci\u00f3n de una \u201cgran coalici\u00f3n convocada por Horacio (Rodr\u00edguez Larreta)\u201d, con quien coincide en la necesidad de unidad para \u201cganarle al kirchnerismo y sobre todo, por la gran crisis [&hellip;]<\/p>\n","protected":false},"author":2,"featured_media":43444,"comment_status":"open","ping_status":"open","sticky":false,"template":"","format":"standard","meta":{"_et_pb_use_builder":"","_et_pb_old_content":"","_et_gb_content_width":"","footnotes":""},"categories":[11,33],"tags":[],"class_list":["post-43443","post","type-post","status-publish","format-standard","has-post-thumbnail","hentry","category-ciudad","category-sociedad-y-cultura-2"],"_links":{"self":[{"href":"https:\/\/vocesdebaires.com.ar\/index.php\/wp-json\/wp\/v2\/posts\/43443"}],"collection":[{"href":"https:\/\/vocesdebaires.com.ar\/index.php\/wp-json\/wp\/v2\/posts"}],"about":[{"href":"https:\/\/vocesdebaires.com.ar\/index.php\/wp-json\/wp\/v2\/types\/post"}],"author":[{"embeddable":true,"href":"https:\/\/vocesdebaires.com.ar\/index.php\/wp-json\/wp\/v2\/users\/2"}],"replies":[{"embeddable":true,"href":"https:\/\/vocesdebaires.com.ar\/index.php\/wp-json\/wp\/v2\/comments?post=43443"}],"version-history":[{"count":1,"href":"https:\/\/vocesdebaires.com.ar\/index.php\/wp-json\/wp\/v2\/posts\/43443\/revisions"}],"predecessor-version":[{"id":43445,"href":"https:\/\/vocesdebaires.com.ar\/index.php\/wp-json\/wp\/v2\/posts\/43443\/revisions\/43445"}],"wp:featuredmedia":[{"embeddable":true,"href":"https:\/\/vocesdebaires.com.ar\/index.php\/wp-json\/wp\/v2\/media\/43444"}],"wp:attachment":[{"href":"https:\/\/vocesdebaires.com.ar\/index.php\/wp-json\/wp\/v2\/media?parent=43443"}],"wp:term":[{"taxonomy":"category","embeddable":true,"href":"https:\/\/vocesdebaires.com.ar\/index.php\/wp-json\/wp\/v2\/categories?post=43443"},{"taxonomy":"post_tag","embeddable":true,"href":"https:\/\/vocesdebaires.com.ar\/index.php\/wp-json\/wp\/v2\/tags?post=43443"}],"curies":[{"name":"wp","href":"https:\/\/api.w.org\/{rel}","templated":true}]}}