{"id":43450,"date":"2023-04-18T00:00:39","date_gmt":"2023-04-18T03:00:39","guid":{"rendered":"https:\/\/vocesdebaires.com.ar\/?p=43450"},"modified":"2023-04-17T23:04:15","modified_gmt":"2023-04-18T02:04:15","slug":"el-cuerpo-legislativo-entrego-diplomas-a-un-libro-y-a-un-documental","status":"publish","type":"post","link":"https:\/\/vocesdebaires.com.ar\/index.php\/2023\/04\/18\/el-cuerpo-legislativo-entrego-diplomas-a-un-libro-y-a-un-documental\/","title":{"rendered":"El Cuerpo Legislativo entreg\u00f3 diplomas a un libro y a un documental"},"content":{"rendered":"<p>El Cuerpo Legislativo de la Ciudad declar\u00f3 de Inter\u00e9s para la Comunicaci\u00f3n Social y el Deporte al libro \u201cJugar en equipo. Claves para transformar la realidad desde el deporte\u201d, de Emiliano Ojea, y al documental \u201cLa Reparaci\u00f3n\u201d de Alejandra Perdomo. Ambos proyectos fueron presentados por los legisladores Mat\u00edas Barroetave\u00f1a y Gimena Villafruela, respectivamente.<\/p>\n<p>El primer acto se llev\u00f3 a cabo en la Biblioteca Esteban Echeverr\u00eda y cont\u00f3 con la presencia de Barroetave\u00f1a como la del autor y de la directiva a cargo de comisi\u00f3n de Cultura y Deporte de la Asociaci\u00f3n Mutual Espacio Antonio Cafiero (AMEAC) Sof\u00eda Andrea Ramallo. En el comienzo de las alocuciones, el legislador destac\u00f3 la unanimidad y el acompa\u00f1amiento del proyecto por parte de los legisladores. \u201cEs la posibilidad de dar un mensaje en t\u00e9rminos de cu\u00e1les son los valores e intereses\u201d, sum\u00f3.<\/p>\n<p>Y resalt\u00f3 la importancia de los clubes en los barrios, \u00abdonde se desarrolla mucho la vida en comunidad\u00bb. Como tambi\u00e9n de darle m\u00e1s atenci\u00f3n al deporte en la Ciudad. Luego, Ojea agradeci\u00f3 a los diputados por la declaraci\u00f3n y a amigos y familiares por la presencia. \u201cEste libro ya es material de estudio en algunas universidades y su objetivo es generar un debate sobre las pol\u00edticas deportivas\u201d, subray\u00f3 el autor.<\/p>\n<p>A su vez adelant\u00f3 alguno de los contenidos de su obra y puntualiz\u00f3 en las universidades como \u201cun nuevo actor\u201d en el deporte.\u00a0 \u201cJugar en equipo. Claves para transformar la realidad desde el deporte\u201d presenta el debate sobre la importancia del deporte como instituci\u00f3n, sus problem\u00e1ticas y su papel predominante en el esquema social, de integraci\u00f3n e inclusi\u00f3n para la mejora de la calidad de vida de las personas.<\/p>\n<p>Su rol como eje articulador de los derechos, sintetiza al desarrollo laboral, educativo y cultural como una pol\u00edtica transversal, transparente y de acceso universal, volcado a todos los sectores de la ciudadan\u00eda. Luego, el sal\u00f3n Presidente Alfons\u00edn fue el escenario para la declaraci\u00f3n al documental \u201cLa Reparaci\u00f3n\u201d, con la participaci\u00f3n de la legisladora Gimena Villafruela y la directora Alejandra Perdomo.<\/p>\n<p>\u201cA trav\u00e9s de toda tu obra es claro tu compromiso contra el abuso sexual infantil, que sabemos que afecta y atraviesa a toda la sociedad\u201d, remarc\u00f3 la legisladora de la Ciudad. A su vez inform\u00f3 que el 85% de los casos ocurre dentro del hogar de las v\u00edctimas. \u201cDesde la Legislatura y desde estas iniciativas ponemos en agenda estos temas y pedimos justicia\u201d, a\u00f1adi\u00f3 Villafruela.<\/p>\n<p>Por su parte, Perdomo estableci\u00f3 que la pel\u00edcula fue hecha tambi\u00e9n para \u201cempezar a trabajar en la revenci\u00f3n\u201d y subray\u00f3 la importancia de la Educaci\u00f3n Sexual Integral (ESI). Y concluy\u00f3: \u201cEs muy importante poner en agenda este tema. Nosotros como sociedad nos tenemos que comprometer que cuando hay una vulnerabilidad hay que acompa\u00f1ar, escuchar y creer\u201d.<\/p>\n<p>Alejandra Perdomo es directora, productora y guionista, que se destaca por su compromiso con las problem\u00e1ticas sociales y sobre las que trabaja en todas sus obras. Tras su documental \u201cCada 30 horas\u201d (2016)\u00a0 que se centra en la denuncia de la violencia de g\u00e9nero, Perdomo not\u00f3 que muchas de las mujeres denunciantes hab\u00edan padecido violencia tambi\u00e9n durante sus infancias. A partir de esta situaci\u00f3n empez\u00f3 a recopilar testimonios y se contact\u00f3 con sobrevivientes, en lo que culmin\u00f3 en una investigaci\u00f3n y en el documental \u201cLa Reparaci\u00f3n\u201d.<\/p>\n","protected":false},"excerpt":{"rendered":"<p>El Cuerpo Legislativo de la Ciudad declar\u00f3 de Inter\u00e9s para la Comunicaci\u00f3n Social y el Deporte al libro \u201cJugar en equipo. Claves para transformar la realidad desde el deporte\u201d, de Emiliano Ojea, y al documental \u201cLa Reparaci\u00f3n\u201d de Alejandra Perdomo. Ambos proyectos fueron presentados por los legisladores Mat\u00edas Barroetave\u00f1a y Gimena Villafruela, respectivamente. El primer [&hellip;]<\/p>\n","protected":false},"author":3,"featured_media":43451,"comment_status":"open","ping_status":"open","sticky":false,"template":"","format":"standard","meta":{"_et_pb_use_builder":"","_et_pb_old_content":"","_et_gb_content_width":"","footnotes":""},"categories":[11,33],"tags":[],"class_list":["post-43450","post","type-post","status-publish","format-standard","has-post-thumbnail","hentry","category-ciudad","category-sociedad-y-cultura-2"],"_links":{"self":[{"href":"https:\/\/vocesdebaires.com.ar\/index.php\/wp-json\/wp\/v2\/posts\/43450"}],"collection":[{"href":"https:\/\/vocesdebaires.com.ar\/index.php\/wp-json\/wp\/v2\/posts"}],"about":[{"href":"https:\/\/vocesdebaires.com.ar\/index.php\/wp-json\/wp\/v2\/types\/post"}],"author":[{"embeddable":true,"href":"https:\/\/vocesdebaires.com.ar\/index.php\/wp-json\/wp\/v2\/users\/3"}],"replies":[{"embeddable":true,"href":"https:\/\/vocesdebaires.com.ar\/index.php\/wp-json\/wp\/v2\/comments?post=43450"}],"version-history":[{"count":1,"href":"https:\/\/vocesdebaires.com.ar\/index.php\/wp-json\/wp\/v2\/posts\/43450\/revisions"}],"predecessor-version":[{"id":43452,"href":"https:\/\/vocesdebaires.com.ar\/index.php\/wp-json\/wp\/v2\/posts\/43450\/revisions\/43452"}],"wp:featuredmedia":[{"embeddable":true,"href":"https:\/\/vocesdebaires.com.ar\/index.php\/wp-json\/wp\/v2\/media\/43451"}],"wp:attachment":[{"href":"https:\/\/vocesdebaires.com.ar\/index.php\/wp-json\/wp\/v2\/media?parent=43450"}],"wp:term":[{"taxonomy":"category","embeddable":true,"href":"https:\/\/vocesdebaires.com.ar\/index.php\/wp-json\/wp\/v2\/categories?post=43450"},{"taxonomy":"post_tag","embeddable":true,"href":"https:\/\/vocesdebaires.com.ar\/index.php\/wp-json\/wp\/v2\/tags?post=43450"}],"curies":[{"name":"wp","href":"https:\/\/api.w.org\/{rel}","templated":true}]}}