{"id":43454,"date":"2023-04-18T00:00:08","date_gmt":"2023-04-18T03:00:08","guid":{"rendered":"https:\/\/vocesdebaires.com.ar\/?p=43454"},"modified":"2023-04-17T23:08:50","modified_gmt":"2023-04-18T02:08:50","slug":"ciudadel-bafici-llega-al-anfi-en-su-edicion-2023","status":"publish","type":"post","link":"https:\/\/vocesdebaires.com.ar\/index.php\/2023\/04\/18\/ciudadel-bafici-llega-al-anfi-en-su-edicion-2023\/","title":{"rendered":"Ciudad:El BAFICI llega al Anfi en su edici\u00f3n 2023"},"content":{"rendered":"<p>En su 24\u00b0 edici\u00f3n, el Buenos Aires Festival Internacional de Cine Independiente (BAFICI) te espera para disfrutar las pel\u00edculas m\u00e1s destacadas de innovadores cineastas nacionales e internacionales, desde el 19 de abril al 1 de mayo.<\/p>\n<p>Te invitamos a conocer la programaci\u00f3n y reservar tu entrada del Anfiteatro de Parque Centenario;<br \/>\n\u00abOtra pel\u00edcula maldita\u00bb &#8211; Viernes 21 de abril a las 19:30h &#8211; (Apta para mayores de 13 a\u00f1os)<br \/>\n\u00abThe Mistletoe Bough\u00bb &#8211; S\u00e1bado 22 de abril a las 19:30h &#8211; (Apta para mayores de 13 a\u00f1os)<br \/>\n\u00abPruebe la sangre de Dr\u00e1cula\u00bb &#8211; S\u00e1bado 22 de abril a las 19:30h: &#8211; (Apta para mayores de 13 a\u00f1os)<br \/>\n\u00abMuertos de risa\u00bb &#8211; S\u00e1bado 22 de abril a las 19:30h &#8211; (Apta para mayores de 13 a\u00f1os)<br \/>\n\u00ab\u00daltimo recurso\u00bb &#8211; Domingo 23 de abril a las 19:30h<br \/>\n\u00abContinuum La playa\u00bb &#8211; Domingo 23 de abril a las 19:30h<br \/>\n\u00abLlamen a Joe\u00bb &#8211; Jueves 27 de abril a las 19:30h &#8211; (Apta para mayores de 13 a\u00f1os)<br \/>\n\u00abDaniel Pennac &#8211; Ho visto Maradona!\u00bb &#8211; Viernes 28 de abril a las 19:30h<\/p>\n<p><strong>Reserv\u00e1 tu entrada ac\u00e1 :<\/strong> https:\/\/buenosaires.gob.ar\/noticias\/bafici-llega-al-anfi<\/p>\n","protected":false},"excerpt":{"rendered":"<p>En su 24\u00b0 edici\u00f3n, el Buenos Aires Festival Internacional de Cine Independiente (BAFICI) te espera para disfrutar las pel\u00edculas m\u00e1s destacadas de innovadores cineastas nacionales e internacionales, desde el 19 de abril al 1 de mayo. Te invitamos a conocer la programaci\u00f3n y reservar tu entrada del Anfiteatro de Parque Centenario; \u00abOtra pel\u00edcula maldita\u00bb &#8211; [&hellip;]<\/p>\n","protected":false},"author":3,"featured_media":43455,"comment_status":"open","ping_status":"open","sticky":false,"template":"","format":"standard","meta":{"_et_pb_use_builder":"","_et_pb_old_content":"","_et_gb_content_width":"","footnotes":""},"categories":[11,33],"tags":[],"class_list":["post-43454","post","type-post","status-publish","format-standard","has-post-thumbnail","hentry","category-ciudad","category-sociedad-y-cultura-2"],"_links":{"self":[{"href":"https:\/\/vocesdebaires.com.ar\/index.php\/wp-json\/wp\/v2\/posts\/43454"}],"collection":[{"href":"https:\/\/vocesdebaires.com.ar\/index.php\/wp-json\/wp\/v2\/posts"}],"about":[{"href":"https:\/\/vocesdebaires.com.ar\/index.php\/wp-json\/wp\/v2\/types\/post"}],"author":[{"embeddable":true,"href":"https:\/\/vocesdebaires.com.ar\/index.php\/wp-json\/wp\/v2\/users\/3"}],"replies":[{"embeddable":true,"href":"https:\/\/vocesdebaires.com.ar\/index.php\/wp-json\/wp\/v2\/comments?post=43454"}],"version-history":[{"count":1,"href":"https:\/\/vocesdebaires.com.ar\/index.php\/wp-json\/wp\/v2\/posts\/43454\/revisions"}],"predecessor-version":[{"id":43456,"href":"https:\/\/vocesdebaires.com.ar\/index.php\/wp-json\/wp\/v2\/posts\/43454\/revisions\/43456"}],"wp:featuredmedia":[{"embeddable":true,"href":"https:\/\/vocesdebaires.com.ar\/index.php\/wp-json\/wp\/v2\/media\/43455"}],"wp:attachment":[{"href":"https:\/\/vocesdebaires.com.ar\/index.php\/wp-json\/wp\/v2\/media?parent=43454"}],"wp:term":[{"taxonomy":"category","embeddable":true,"href":"https:\/\/vocesdebaires.com.ar\/index.php\/wp-json\/wp\/v2\/categories?post=43454"},{"taxonomy":"post_tag","embeddable":true,"href":"https:\/\/vocesdebaires.com.ar\/index.php\/wp-json\/wp\/v2\/tags?post=43454"}],"curies":[{"name":"wp","href":"https:\/\/api.w.org\/{rel}","templated":true}]}}