{"id":43457,"date":"2023-04-18T00:00:43","date_gmt":"2023-04-18T03:00:43","guid":{"rendered":"https:\/\/vocesdebaires.com.ar\/?p=43457"},"modified":"2023-04-17T23:13:27","modified_gmt":"2023-04-18T02:13:27","slug":"la-legislaturadeclaro-de-interes-un-documental-sobre-rodolfo-walsh","status":"publish","type":"post","link":"https:\/\/vocesdebaires.com.ar\/index.php\/2023\/04\/18\/la-legislaturadeclaro-de-interes-un-documental-sobre-rodolfo-walsh\/","title":{"rendered":"La legislatura:Declar\u00f3 de inter\u00e9s un documental sobre Rodolfo Walsh"},"content":{"rendered":"<p>El Cuerpo Legislativo declar\u00f3 de Inter\u00e9s Social, Pol\u00edtico y Cultural al documental \u201cR.J.W., un documental sobre Rodolfo Walsh\u201d, del director Ferm\u00edn Rivera. El acto se llev\u00f3 a cabo en el sal\u00f3n Presidente Per\u00f3n y cont\u00f3 con la presencia del legislador y autor del proyecto Javier Andrade, el diputado Claudio Moressi y el creador del film.<\/p>\n<p>\u201cResalto la calidad tambi\u00e9n del documental, porque creo que ayuda mucho al dinamismo y la calidad de las entrevistas tambi\u00e9n\u201d, remarc\u00f3 Andrade en su discurso. Y recalc\u00f3 que a\u00fan fusilado, \u201cWalsh sigue vivo\u201d. Por su parte, Rivera agradeci\u00f3 \u201ca quienes vehiculizaron\u201d y ayudaron en el proceso del documental y la declaraci\u00f3n de inter\u00e9s.<\/p>\n<p>La pel\u00edcula aborda la infancia de Walsh en Rio Negro, el paso por el internado irland\u00e9s, su fallido intento de ingresar al Liceo Naval, la influencia de su esposa Elina Tejerina, su admiraci\u00f3n por Borges y su circunstancial oposici\u00f3n a Per\u00f3n, hasta el final de su proceso de transformaci\u00f3n con \u201cOperaci\u00f3n Masacre\u201d. El director de esta pieza, Ferm\u00edn Rivera, nos invita a hacer un viaje por la vida de Rodolfo y tambi\u00e9n por la historia de nuestro pa\u00eds y sus an\u00e1lisis bajo el ojo cr\u00edtico del escritor.<\/p>\n","protected":false},"excerpt":{"rendered":"<p>El Cuerpo Legislativo declar\u00f3 de Inter\u00e9s Social, Pol\u00edtico y Cultural al documental \u201cR.J.W., un documental sobre Rodolfo Walsh\u201d, del director Ferm\u00edn Rivera. El acto se llev\u00f3 a cabo en el sal\u00f3n Presidente Per\u00f3n y cont\u00f3 con la presencia del legislador y autor del proyecto Javier Andrade, el diputado Claudio Moressi y el creador del film. [&hellip;]<\/p>\n","protected":false},"author":3,"featured_media":43458,"comment_status":"open","ping_status":"open","sticky":false,"template":"","format":"standard","meta":{"_et_pb_use_builder":"","_et_pb_old_content":"","_et_gb_content_width":"","footnotes":""},"categories":[11,33],"tags":[],"class_list":["post-43457","post","type-post","status-publish","format-standard","has-post-thumbnail","hentry","category-ciudad","category-sociedad-y-cultura-2"],"_links":{"self":[{"href":"https:\/\/vocesdebaires.com.ar\/index.php\/wp-json\/wp\/v2\/posts\/43457"}],"collection":[{"href":"https:\/\/vocesdebaires.com.ar\/index.php\/wp-json\/wp\/v2\/posts"}],"about":[{"href":"https:\/\/vocesdebaires.com.ar\/index.php\/wp-json\/wp\/v2\/types\/post"}],"author":[{"embeddable":true,"href":"https:\/\/vocesdebaires.com.ar\/index.php\/wp-json\/wp\/v2\/users\/3"}],"replies":[{"embeddable":true,"href":"https:\/\/vocesdebaires.com.ar\/index.php\/wp-json\/wp\/v2\/comments?post=43457"}],"version-history":[{"count":1,"href":"https:\/\/vocesdebaires.com.ar\/index.php\/wp-json\/wp\/v2\/posts\/43457\/revisions"}],"predecessor-version":[{"id":43459,"href":"https:\/\/vocesdebaires.com.ar\/index.php\/wp-json\/wp\/v2\/posts\/43457\/revisions\/43459"}],"wp:featuredmedia":[{"embeddable":true,"href":"https:\/\/vocesdebaires.com.ar\/index.php\/wp-json\/wp\/v2\/media\/43458"}],"wp:attachment":[{"href":"https:\/\/vocesdebaires.com.ar\/index.php\/wp-json\/wp\/v2\/media?parent=43457"}],"wp:term":[{"taxonomy":"category","embeddable":true,"href":"https:\/\/vocesdebaires.com.ar\/index.php\/wp-json\/wp\/v2\/categories?post=43457"},{"taxonomy":"post_tag","embeddable":true,"href":"https:\/\/vocesdebaires.com.ar\/index.php\/wp-json\/wp\/v2\/tags?post=43457"}],"curies":[{"name":"wp","href":"https:\/\/api.w.org\/{rel}","templated":true}]}}