{"id":4348,"date":"2019-10-02T03:00:00","date_gmt":"2019-10-02T06:00:00","guid":{"rendered":"http:\/\/vocesdebaires.com.ar\/wordpress\/index.php\/2019\/10\/02\/vidal-reunion-con-vecino-visito-un-hospital\/"},"modified":"2019-10-02T03:00:00","modified_gmt":"2019-10-02T06:00:00","slug":"vidal-reunion-con-vecino-visito-un-hospital","status":"publish","type":"post","link":"https:\/\/vocesdebaires.com.ar\/index.php\/2019\/10\/02\/vidal-reunion-con-vecino-visito-un-hospital\/","title":{"rendered":"Vidal: Reuni\u00f3n con vecino, visito un hospital"},"content":{"rendered":"<p>La gobernadora de la Provincia de Buenos Aires, Mar\u00eda Eugenia Vidal, estuvo ayer en el municipio bonaerense de 9 de Julio donde se reuni\u00f3 con vecinos, visit\u00f3 la recientemente inaugurada \u00a0guardia del Hospital Interzonal Julio de Vedia y recorri\u00f3 el centro comercial. Acompa\u00f1ada por el intendente local, Mariano Barroso; y el subsecretario de Asuntos Municipales bonaerense, Alex Campbell; la mandataria se encontr\u00f3 con vecinos beneficiados por la obra en la avenida Urquiza, que fue finalizada la semana pasada. Se realiz\u00f3 como parte del Plan de Conectividad ejecutado y financiado por el Ministerio de Infraestructura de la Provincia. Los trabajos incluyeron la pavimentaci\u00f3n de 50 cuadras de la avenida entre la Ruta Provincial N\u00b065 y la avenida Agust\u00edn \u00c1lvarez.<\/p>\n<p>Luego, Vidal realiz\u00f3 una recorrida por la nueva guardia del hospital a la que se sum\u00f3 tambi\u00e9n el ministro de Salud provincial, Andr\u00e9s Scarsi. Las obras de ampliaci\u00f3n y remodelaci\u00f3n de distintos sectores, tales como las \u00e1reas de internaci\u00f3n, guardia y emergencia, comenzaron en agosto de 2018 y finalizaron en septiembre de este a\u00f1o. Demandaron una inversi\u00f3n de la Provincia de m\u00e1s de $91 millones. Las mejoras fueron parte del Plan Integral de Guardias que en 2019 alcanzar\u00e1 a 58 hospitales provinciales. Hoy ya son 52 las que est\u00e1n en funcionamiento. Vidal camin\u00f3, posteriormente, por el centro municipal para dialogar con vecinos y comerciantes de la zona.<\/p>\n","protected":false},"excerpt":{"rendered":"<p>La gobernadora de la Provincia de Buenos Aires, Mar\u00eda Eugenia Vidal, estuvo ayer en el municipio bonaerense de 9 de Julio donde se reuni\u00f3 con vecinos, visit\u00f3 la recientemente inaugurada \u00a0guardia del Hospital Interzonal Julio de Vedia y recorri\u00f3 el centro comercial. Acompa\u00f1ada por el intendente local, Mariano Barroso; y el subsecretario de Asuntos Municipales [&hellip;]<\/p>\n","protected":false},"author":1,"featured_media":4349,"comment_status":"open","ping_status":"open","sticky":false,"template":"","format":"standard","meta":{"_et_pb_use_builder":"","_et_pb_old_content":"","_et_gb_content_width":"","footnotes":""},"categories":[35,13],"tags":[],"class_list":["post-4348","post","type-post","status-publish","format-standard","has-post-thumbnail","hentry","category-gobierno","category-provincia"],"_links":{"self":[{"href":"https:\/\/vocesdebaires.com.ar\/index.php\/wp-json\/wp\/v2\/posts\/4348"}],"collection":[{"href":"https:\/\/vocesdebaires.com.ar\/index.php\/wp-json\/wp\/v2\/posts"}],"about":[{"href":"https:\/\/vocesdebaires.com.ar\/index.php\/wp-json\/wp\/v2\/types\/post"}],"author":[{"embeddable":true,"href":"https:\/\/vocesdebaires.com.ar\/index.php\/wp-json\/wp\/v2\/users\/1"}],"replies":[{"embeddable":true,"href":"https:\/\/vocesdebaires.com.ar\/index.php\/wp-json\/wp\/v2\/comments?post=4348"}],"version-history":[{"count":0,"href":"https:\/\/vocesdebaires.com.ar\/index.php\/wp-json\/wp\/v2\/posts\/4348\/revisions"}],"wp:featuredmedia":[{"embeddable":true,"href":"https:\/\/vocesdebaires.com.ar\/index.php\/wp-json\/wp\/v2\/media\/4349"}],"wp:attachment":[{"href":"https:\/\/vocesdebaires.com.ar\/index.php\/wp-json\/wp\/v2\/media?parent=4348"}],"wp:term":[{"taxonomy":"category","embeddable":true,"href":"https:\/\/vocesdebaires.com.ar\/index.php\/wp-json\/wp\/v2\/categories?post=4348"},{"taxonomy":"post_tag","embeddable":true,"href":"https:\/\/vocesdebaires.com.ar\/index.php\/wp-json\/wp\/v2\/tags?post=4348"}],"curies":[{"name":"wp","href":"https:\/\/api.w.org\/{rel}","templated":true}]}}