{"id":43484,"date":"2023-04-20T00:53:07","date_gmt":"2023-04-20T03:53:07","guid":{"rendered":"https:\/\/vocesdebaires.com.ar\/?p=43484"},"modified":"2023-04-20T00:53:07","modified_gmt":"2023-04-20T03:53:07","slug":"betiana-blum-es-nueva-personalidad-destacada-de-la-ciudad","status":"publish","type":"post","link":"https:\/\/vocesdebaires.com.ar\/index.php\/2023\/04\/20\/betiana-blum-es-nueva-personalidad-destacada-de-la-ciudad\/","title":{"rendered":"Betiana Blum es nueva Personalidad Destacada de la Ciudad"},"content":{"rendered":"<p>El Cuerpo Legislativo de la Ciudad declar\u00f3 como Personalidad Destacada en el \u00e1mbito de la Cultura a la actriz Betiana Blum. El acto se llev\u00f3 a cabo en el Sal\u00f3n Dorado y cont\u00f3 con la presencia del legislador y autor de la iniciativa Diego Weck, el director Marcos Carnevale, el empresario teatral Carlos Rottemberg, los actores Facundo Arana y Sergio Surraco y la homenajeada.<\/p>\n<p>En el comienzo de las alocuciones, Weck dio la bienvenida a \u201cesta casa de la democracia\u201d. Luego destac\u00f3: \u201cEl rol de los actores es muy importante en esta sociedad y el de Betiana ha sido fundamental en los a\u00f1os democr\u00e1ticos\u201d. Y sum\u00f3: \u201cElla es una de las representantes m\u00e1s importantes. Es un ejemplo de vida y de trayectoria para las generaciones futuras\u201d.<\/p>\n<p>Luego Blum agradeci\u00f3 al legislador Weck y a la Legislatura por la distinci\u00f3n. Tambi\u00e9n rememor\u00f3 sus comienzos en la actuaci\u00f3n: \u201cEl origen de que est\u00e9 parada aqu\u00ed es el amor que desde ni\u00f1a tuve por la palabra y por el verbo\u201d. Y determin\u00f3: \u201cTengo un gran amor por la profesi\u00f3n y me di cuenta en el transcurso de la vida. La mayor cantidad de tiempo de mi vida se la dediqu\u00e9 a la profesi\u00f3n y no me arrepiento\u201d.<\/p>\n<p>Por su parte, Carnevale distingui\u00f3 la vocaci\u00f3n, el talento y el \u201cdeseo irrefrenable\u201d de vivir de la actriz. En tanto que Rottemberg puntualiz\u00f3 en su talento e inteligencia, \u201cque son dos cualidades que corren por cuerdas separadas y ella tiene las dos y que la hace moverse a trav\u00e9s de una trayectoria extensa sin demasiados rodeos\u201d.<\/p>\n<p>Por \u00faltimo, Arana record\u00f3 sus inicios en la actuaci\u00f3n y la influencia de Blum: \u201cLa oportunidad vino directamente de tu mano. Nunca me voy a olvidar la pasi\u00f3n, la dedicaci\u00f3n, el esmero, el amor, la paz y la seguridad que me diste tanto a mi como a cada una de esas almas que quer\u00edamos ir con la actuaci\u00f3n\u201d.<br \/>\nMientras que Surraco concluy\u00f3: \u201cEs una gran persona que me ense\u00f1\u00f3 muchas cosas de la vida. No solo a decir bien un texto, sino a ense\u00f1arte con cada vivencia y en c\u00f3mo ella en su profesi\u00f3n trataba al otro o generaba una alegr\u00eda en el p\u00fablico\u201d.<\/p>\n<p>Betiana Blum es una de las actrices m\u00e1s emblem\u00e1ticas del pa\u00eds, con m\u00e1s de treinta pel\u00edculas en su haber. Debut\u00f3 en 1964 en Sombras en el cielo y de esta manera comenzaba un camino de \u00e9xitos ininterrumpidos. \u201cNuestra Galleguita\u201d, trasmitida por Canal 9, fue el primer personaje con continuidad en televisi\u00f3n.<br \/>\nEn 1985 interpret\u00f3 a la inolvidable Nora Musicardi en \u201cEsperando la Carroza\u201d, un cl\u00e1sico inolvidable para todos. Considerada como una de las pel\u00edculas m\u00e1s recordadas tanto sus personajes como muchos di\u00e1logos que son conocidos de memoria.<\/p>\n<p>Su filmograf\u00eda da cuenta de una versatilidad asombrosa con pel\u00edculas como\u201cBodas de cristal\u201d, \u201cUn mundo de amor\u201d, \u201cLos Irrompibles\u201d, \u201cBajo bandera\u201d, \u201cAtrapadas\u201d, \u201cEsa maldita costilla\u201d y \u201cDe eso no se habla\u201d. En cinco d\u00e9cadas de ciclos televisivos fue variando entre unitarios, novelas y series, los cuales dieron cuenta de la infinidad de personajes interpretados a lo largo de toda su trayectoria.<\/p>\n","protected":false},"excerpt":{"rendered":"<p>El Cuerpo Legislativo de la Ciudad declar\u00f3 como Personalidad Destacada en el \u00e1mbito de la Cultura a la actriz Betiana Blum. El acto se llev\u00f3 a cabo en el Sal\u00f3n Dorado y cont\u00f3 con la presencia del legislador y autor de la iniciativa Diego Weck, el director Marcos Carnevale, el empresario teatral Carlos Rottemberg, los [&hellip;]<\/p>\n","protected":false},"author":2,"featured_media":43485,"comment_status":"open","ping_status":"open","sticky":false,"template":"","format":"standard","meta":{"_et_pb_use_builder":"","_et_pb_old_content":"","_et_gb_content_width":"","footnotes":""},"categories":[11,33],"tags":[],"class_list":["post-43484","post","type-post","status-publish","format-standard","has-post-thumbnail","hentry","category-ciudad","category-sociedad-y-cultura-2"],"_links":{"self":[{"href":"https:\/\/vocesdebaires.com.ar\/index.php\/wp-json\/wp\/v2\/posts\/43484"}],"collection":[{"href":"https:\/\/vocesdebaires.com.ar\/index.php\/wp-json\/wp\/v2\/posts"}],"about":[{"href":"https:\/\/vocesdebaires.com.ar\/index.php\/wp-json\/wp\/v2\/types\/post"}],"author":[{"embeddable":true,"href":"https:\/\/vocesdebaires.com.ar\/index.php\/wp-json\/wp\/v2\/users\/2"}],"replies":[{"embeddable":true,"href":"https:\/\/vocesdebaires.com.ar\/index.php\/wp-json\/wp\/v2\/comments?post=43484"}],"version-history":[{"count":1,"href":"https:\/\/vocesdebaires.com.ar\/index.php\/wp-json\/wp\/v2\/posts\/43484\/revisions"}],"predecessor-version":[{"id":43486,"href":"https:\/\/vocesdebaires.com.ar\/index.php\/wp-json\/wp\/v2\/posts\/43484\/revisions\/43486"}],"wp:featuredmedia":[{"embeddable":true,"href":"https:\/\/vocesdebaires.com.ar\/index.php\/wp-json\/wp\/v2\/media\/43485"}],"wp:attachment":[{"href":"https:\/\/vocesdebaires.com.ar\/index.php\/wp-json\/wp\/v2\/media?parent=43484"}],"wp:term":[{"taxonomy":"category","embeddable":true,"href":"https:\/\/vocesdebaires.com.ar\/index.php\/wp-json\/wp\/v2\/categories?post=43484"},{"taxonomy":"post_tag","embeddable":true,"href":"https:\/\/vocesdebaires.com.ar\/index.php\/wp-json\/wp\/v2\/tags?post=43484"}],"curies":[{"name":"wp","href":"https:\/\/api.w.org\/{rel}","templated":true}]}}