{"id":43487,"date":"2023-04-20T00:56:01","date_gmt":"2023-04-20T03:56:01","guid":{"rendered":"https:\/\/vocesdebaires.com.ar\/?p=43487"},"modified":"2023-04-20T00:56:01","modified_gmt":"2023-04-20T03:56:01","slug":"la-daia-y-la-caphaiacordaron-gestionar-la-cerraduras-electronicas","status":"publish","type":"post","link":"https:\/\/vocesdebaires.com.ar\/index.php\/2023\/04\/20\/la-daia-y-la-caphaiacordaron-gestionar-la-cerraduras-electronicas\/","title":{"rendered":"La DAIA y la CAPHAI:Acordaron gestionar la Cerraduras electr\u00f3nicas"},"content":{"rendered":"<p>En dicho encuentro acordaron gestionar que todos los edificios de la Ciudad de Buenos Aires que tengan ingreso electr\u00f3nico puedan tener tambi\u00e9n cerraduras manuales para todas las personas jud\u00edas ortodoxas que celebran el Shabat, y de este modo favorecer el ingreso y egreso a sus domicilios. Con el respeto que siempre nos ha caracterizado por las diferentes culturas y religiones, solicitamos a los administradores de consorcios que administran edificios donde viven familias jud\u00edas ortodoxas, mecanizar los accesos en los d\u00edas del Shabat(desde el atardecer del viernes al anochecer del s\u00e1bado).<\/p>\n","protected":false},"excerpt":{"rendered":"<p>En dicho encuentro acordaron gestionar que todos los edificios de la Ciudad de Buenos Aires que tengan ingreso electr\u00f3nico puedan tener tambi\u00e9n cerraduras manuales para todas las personas jud\u00edas ortodoxas que celebran el Shabat, y de este modo favorecer el ingreso y egreso a sus domicilios. Con el respeto que siempre nos ha caracterizado por [&hellip;]<\/p>\n","protected":false},"author":2,"featured_media":43488,"comment_status":"open","ping_status":"open","sticky":false,"template":"","format":"standard","meta":{"_et_pb_use_builder":"","_et_pb_old_content":"","_et_gb_content_width":"","footnotes":""},"categories":[11,33],"tags":[],"class_list":["post-43487","post","type-post","status-publish","format-standard","has-post-thumbnail","hentry","category-ciudad","category-sociedad-y-cultura-2"],"_links":{"self":[{"href":"https:\/\/vocesdebaires.com.ar\/index.php\/wp-json\/wp\/v2\/posts\/43487"}],"collection":[{"href":"https:\/\/vocesdebaires.com.ar\/index.php\/wp-json\/wp\/v2\/posts"}],"about":[{"href":"https:\/\/vocesdebaires.com.ar\/index.php\/wp-json\/wp\/v2\/types\/post"}],"author":[{"embeddable":true,"href":"https:\/\/vocesdebaires.com.ar\/index.php\/wp-json\/wp\/v2\/users\/2"}],"replies":[{"embeddable":true,"href":"https:\/\/vocesdebaires.com.ar\/index.php\/wp-json\/wp\/v2\/comments?post=43487"}],"version-history":[{"count":1,"href":"https:\/\/vocesdebaires.com.ar\/index.php\/wp-json\/wp\/v2\/posts\/43487\/revisions"}],"predecessor-version":[{"id":43489,"href":"https:\/\/vocesdebaires.com.ar\/index.php\/wp-json\/wp\/v2\/posts\/43487\/revisions\/43489"}],"wp:featuredmedia":[{"embeddable":true,"href":"https:\/\/vocesdebaires.com.ar\/index.php\/wp-json\/wp\/v2\/media\/43488"}],"wp:attachment":[{"href":"https:\/\/vocesdebaires.com.ar\/index.php\/wp-json\/wp\/v2\/media?parent=43487"}],"wp:term":[{"taxonomy":"category","embeddable":true,"href":"https:\/\/vocesdebaires.com.ar\/index.php\/wp-json\/wp\/v2\/categories?post=43487"},{"taxonomy":"post_tag","embeddable":true,"href":"https:\/\/vocesdebaires.com.ar\/index.php\/wp-json\/wp\/v2\/tags?post=43487"}],"curies":[{"name":"wp","href":"https:\/\/api.w.org\/{rel}","templated":true}]}}