{"id":4350,"date":"2019-10-02T03:00:00","date_gmt":"2019-10-02T06:00:00","guid":{"rendered":"http:\/\/vocesdebaires.com.ar\/wordpress\/index.php\/2019\/10\/02\/ritondo-inauguro-complejo-para-los-policias\/"},"modified":"2019-10-02T03:00:00","modified_gmt":"2019-10-02T06:00:00","slug":"ritondo-inauguro-complejo-para-los-policias","status":"publish","type":"post","link":"https:\/\/vocesdebaires.com.ar\/index.php\/2019\/10\/02\/ritondo-inauguro-complejo-para-los-policias\/","title":{"rendered":"Ritondo inaugur\u00f3 complejo para los polic\u00edas"},"content":{"rendered":"<p>El ministro de Seguridad de la provincia de Buenos Aires, Cristian Ritondo, inaugur\u00f3 ayer en la ciudad balnearia de Pinamar un nuevo complejo, PolBaires VI, destinado a los efectivos de la Polic\u00eda provincial. &quot;Ellos trabajan d\u00eda y noche para velar por la seguridad de todos los bonaerenses y, como todo trabajador, tienen derecho a gozar de vacaciones dignas&quot;, expres\u00f3 el funcionario de la administraci\u00f3n de Mar\u00eda Eugenia Vidal.<\/p>\n<p>&quot;Uno de los pilares de nuestra gesti\u00f3n es\u00a0 cuidar a los que nos cuidan y la apertura de este tipo de predios va en ese sentido&quot;, recalc\u00f3 el ministro de Seguridad, en compa\u00f1\u00eda del intendente Mart\u00edn Yeza.<br \/>El PolBaires VI es el cuarto\u00a0 inaugurado por Cristian Ritondo (los anteriores fueron los de Tandil, Villa General Belgrano, C\u00f3rdoba, y\u00a0 Mar del Plata) y el sexto con el que cuenta la Polic\u00eda en diversas localidades tur\u00edsticas. Los restantes est\u00e1n ubicados en San Carlos de Bariloche y Santa Teresita.<\/p>\n<p>All\u00ed, junto al Ministro, tambi\u00e9n estuvieron el Jefe de la Polic\u00eda, comisario general Fabi\u00e1n Perroni, los intendentes de Maip\u00fa y General Madariaga, Mat\u00edas Rapallini y Esteban Santoro respectivamente, el Superintendente de Servicios Sociales de Polic\u00eda, comisario general Fabi\u00e1n Ca\u00f1ete y dem\u00e1s autoridades ministeriales, municipales y\u00a0 policiales. El apart hotel\u00a0 depende de la Superintendencia de Servicios Sociales de la fuerza provincial y est\u00e1 ubicado sobre la calle Del Mejill\u00f3n 1050, en la zona c\u00e9ntrica de la ciudad de Pinamar.\u00a0 Posee departamentos con capacidad para 4, 6 u 8 personas y cocheras individuales cubiertas.<\/p>\n<p>En el exterior cuenta con pileta climatizada y servicio de reposeras. Tiene SUM, zona WI-FI, gimnasio, sauna, ducha escocesa, mini jacuzzi y vestuario de damas y caballeros, y sector de parrillas.<br \/>Cada departamento est\u00e1 equipado con servicio de TV por cable, tanto en el comedor como en las habitaciones, cafetera, tostadora, microondas, heladera con freezer y horno tradicional, entre otras comodidades.<br \/>\u200b<br \/>M\u00e1s patrulleros para Pinamar<br \/>En esa oportunidad, Cristian Ritondo tambi\u00e9n entreg\u00f3 cinco m\u00f3viles cero kil\u00f3metros a la Polic\u00eda que permitir\u00e1n reforzar los patrullajes de prevenci\u00f3n en esa ciudad tur\u00edstica.<br \/>La ceremonia se realiz\u00f3 en la sede del\u00a0 Centro Integral de Seguridad, ubicado sobre la avenida Central y\u00a0 W, en la localidad de Ostende.\u200b<\/p>\n<p>Fotos: Ministerio de Seguridad de la Provincia de Buenos Aires<\/p>\n","protected":false},"excerpt":{"rendered":"<p>El ministro de Seguridad de la provincia de Buenos Aires, Cristian Ritondo, inaugur\u00f3 ayer en la ciudad balnearia de Pinamar un nuevo complejo, PolBaires VI, destinado a los efectivos de la Polic\u00eda provincial. &quot;Ellos trabajan d\u00eda y noche para velar por la seguridad de todos los bonaerenses y, como todo trabajador, tienen derecho a gozar [&hellip;]<\/p>\n","protected":false},"author":1,"featured_media":4351,"comment_status":"open","ping_status":"open","sticky":false,"template":"","format":"standard","meta":{"_et_pb_use_builder":"","_et_pb_old_content":"","_et_gb_content_width":"","footnotes":""},"categories":[34,13],"tags":[],"class_list":["post-4350","post","type-post","status-publish","format-standard","has-post-thumbnail","hentry","category-politica","category-provincia"],"_links":{"self":[{"href":"https:\/\/vocesdebaires.com.ar\/index.php\/wp-json\/wp\/v2\/posts\/4350"}],"collection":[{"href":"https:\/\/vocesdebaires.com.ar\/index.php\/wp-json\/wp\/v2\/posts"}],"about":[{"href":"https:\/\/vocesdebaires.com.ar\/index.php\/wp-json\/wp\/v2\/types\/post"}],"author":[{"embeddable":true,"href":"https:\/\/vocesdebaires.com.ar\/index.php\/wp-json\/wp\/v2\/users\/1"}],"replies":[{"embeddable":true,"href":"https:\/\/vocesdebaires.com.ar\/index.php\/wp-json\/wp\/v2\/comments?post=4350"}],"version-history":[{"count":0,"href":"https:\/\/vocesdebaires.com.ar\/index.php\/wp-json\/wp\/v2\/posts\/4350\/revisions"}],"wp:featuredmedia":[{"embeddable":true,"href":"https:\/\/vocesdebaires.com.ar\/index.php\/wp-json\/wp\/v2\/media\/4351"}],"wp:attachment":[{"href":"https:\/\/vocesdebaires.com.ar\/index.php\/wp-json\/wp\/v2\/media?parent=4350"}],"wp:term":[{"taxonomy":"category","embeddable":true,"href":"https:\/\/vocesdebaires.com.ar\/index.php\/wp-json\/wp\/v2\/categories?post=4350"},{"taxonomy":"post_tag","embeddable":true,"href":"https:\/\/vocesdebaires.com.ar\/index.php\/wp-json\/wp\/v2\/tags?post=4350"}],"curies":[{"name":"wp","href":"https:\/\/api.w.org\/{rel}","templated":true}]}}