{"id":43508,"date":"2023-04-21T11:26:46","date_gmt":"2023-04-21T14:26:46","guid":{"rendered":"https:\/\/vocesdebaires.com.ar\/?p=43508"},"modified":"2023-04-21T11:26:46","modified_gmt":"2023-04-21T14:26:46","slug":"participa-de-una-nueva-edicion-del-campeonato-federal-del-asado-2023","status":"publish","type":"post","link":"https:\/\/vocesdebaires.com.ar\/index.php\/2023\/04\/21\/participa-de-una-nueva-edicion-del-campeonato-federal-del-asado-2023\/","title":{"rendered":"Participa de una nueva edici\u00f3n del Campeonato Federal del Asado 2023"},"content":{"rendered":"<p>Llega la quinta edici\u00f3n de este concurso federal \u00a1y vos pod\u00e9s ser parte! Ten\u00e9s tiempo hasta el 1 de mayo para postularte por un lugar entre los concursantes que van a cocinar en vivo ante un jurado de expertos. El campeonato, que se realizar\u00e1 el viernes 26 de mayo de 2023 en la Av. 9 de Julio entre Av. Corrientes y Av. de Mayo, contar\u00e1 con representantes de las 23 provincias de la Argentina y de la Ciudad Aut\u00f3noma de Buenos Aires. Sigamos festejando la gastronom\u00eda, una actividad que genera m\u00e1s de 80 mil puestos de trabajo en la Ciudad y m\u00e1s de 240 mil en todo el pa\u00eds. El evento se suspende por lluvia.<\/p>\n","protected":false},"excerpt":{"rendered":"<p>Llega la quinta edici\u00f3n de este concurso federal \u00a1y vos pod\u00e9s ser parte! Ten\u00e9s tiempo hasta el 1 de mayo para postularte por un lugar entre los concursantes que van a cocinar en vivo ante un jurado de expertos. El campeonato, que se realizar\u00e1 el viernes 26 de mayo de 2023 en la Av. 9 [&hellip;]<\/p>\n","protected":false},"author":2,"featured_media":43509,"comment_status":"open","ping_status":"open","sticky":false,"template":"","format":"standard","meta":{"_et_pb_use_builder":"","_et_pb_old_content":"","_et_gb_content_width":"","footnotes":""},"categories":[11,33],"tags":[],"class_list":["post-43508","post","type-post","status-publish","format-standard","has-post-thumbnail","hentry","category-ciudad","category-sociedad-y-cultura-2"],"_links":{"self":[{"href":"https:\/\/vocesdebaires.com.ar\/index.php\/wp-json\/wp\/v2\/posts\/43508"}],"collection":[{"href":"https:\/\/vocesdebaires.com.ar\/index.php\/wp-json\/wp\/v2\/posts"}],"about":[{"href":"https:\/\/vocesdebaires.com.ar\/index.php\/wp-json\/wp\/v2\/types\/post"}],"author":[{"embeddable":true,"href":"https:\/\/vocesdebaires.com.ar\/index.php\/wp-json\/wp\/v2\/users\/2"}],"replies":[{"embeddable":true,"href":"https:\/\/vocesdebaires.com.ar\/index.php\/wp-json\/wp\/v2\/comments?post=43508"}],"version-history":[{"count":1,"href":"https:\/\/vocesdebaires.com.ar\/index.php\/wp-json\/wp\/v2\/posts\/43508\/revisions"}],"predecessor-version":[{"id":43510,"href":"https:\/\/vocesdebaires.com.ar\/index.php\/wp-json\/wp\/v2\/posts\/43508\/revisions\/43510"}],"wp:featuredmedia":[{"embeddable":true,"href":"https:\/\/vocesdebaires.com.ar\/index.php\/wp-json\/wp\/v2\/media\/43509"}],"wp:attachment":[{"href":"https:\/\/vocesdebaires.com.ar\/index.php\/wp-json\/wp\/v2\/media?parent=43508"}],"wp:term":[{"taxonomy":"category","embeddable":true,"href":"https:\/\/vocesdebaires.com.ar\/index.php\/wp-json\/wp\/v2\/categories?post=43508"},{"taxonomy":"post_tag","embeddable":true,"href":"https:\/\/vocesdebaires.com.ar\/index.php\/wp-json\/wp\/v2\/tags?post=43508"}],"curies":[{"name":"wp","href":"https:\/\/api.w.org\/{rel}","templated":true}]}}