{"id":43514,"date":"2023-04-21T11:34:57","date_gmt":"2023-04-21T14:34:57","guid":{"rendered":"https:\/\/vocesdebaires.com.ar\/?p=43514"},"modified":"2023-04-21T11:38:07","modified_gmt":"2023-04-21T14:38:07","slug":"amiapresentara-el-documental-revolucion-comienza-el-viaje-de-menajem","status":"publish","type":"post","link":"https:\/\/vocesdebaires.com.ar\/index.php\/2023\/04\/21\/amiapresentara-el-documental-revolucion-comienza-el-viaje-de-menajem\/","title":{"rendered":"AMIA:Presenta el documental \u201cComienza el viaje de Menajem\u201d"},"content":{"rendered":"<p>El \u00e1rea de Cultura de AMIA invita a la proyecci\u00f3n del documental \u201cRevoluci\u00f3n: Comienza el viaje de Menajem\u201d, que relata la historia de vida del ex primer ministro israel\u00ed, y que podr\u00e1 verse con inscripci\u00f3n gratuita, el martes 2 de mayo, a las 20, en el auditorio de Pasteur 633.Dirigida por Jonathan Gruber, la pel\u00edcula realiza un recorrido por la vida de Menajem Beguin, desde su juventud como prisionero en un campamento de trabajo en Siberia, en 1940, su carrera pol\u00edtica, hasta asumir el cargo de primer ministro de Israel en 1977.<\/p>\n<p>En su trayectoria como m\u00e1xima autoridad israel\u00ed, se destacan las negociaciones para la firma del tratado de paz con Egipto, y la designaci\u00f3n de la ciudad de Jerusalem como capital del Estado de Israel. A fines de agosto de 1983 renunci\u00f3 a su cargo y se retir\u00f3 de la vida pol\u00edtica activa.\u201cEl ex primer ministro israel\u00ed Menajem Beguin luch\u00f3 por equilibrar la historia y el hero\u00edsmo para hacer las paces con su mayor enemigo y cimentar un legado incomprendido durante mucho tiempo\u201d, detalla la sinopsis de \u201cRevoluci\u00f3n: Comienza el viaje de Menajem\u201d. \u201cSu dedicaci\u00f3n a su pa\u00eds y a su gente no ten\u00eda l\u00edmites\u201d, se remarca.<\/p>\n<p>Para conocer m\u00e1s sobre el documental y obtener las entradas, que son limitadas, las personas interesadas deben en https:\/\/cultura.amia.org.ar\/eventos\/revolucion-comienza-el-viaje-de-menajem\/<\/p>\n","protected":false},"excerpt":{"rendered":"<p>El \u00e1rea de Cultura de AMIA invita a la proyecci\u00f3n del documental \u201cRevoluci\u00f3n: Comienza el viaje de Menajem\u201d, que relata la historia de vida del ex primer ministro israel\u00ed, y que podr\u00e1 verse con inscripci\u00f3n gratuita, el martes 2 de mayo, a las 20, en el auditorio de Pasteur 633.Dirigida por Jonathan Gruber, la pel\u00edcula [&hellip;]<\/p>\n","protected":false},"author":2,"featured_media":43515,"comment_status":"open","ping_status":"open","sticky":false,"template":"","format":"standard","meta":{"_et_pb_use_builder":"","_et_pb_old_content":"","_et_gb_content_width":"","footnotes":""},"categories":[11,33],"tags":[],"class_list":["post-43514","post","type-post","status-publish","format-standard","has-post-thumbnail","hentry","category-ciudad","category-sociedad-y-cultura-2"],"_links":{"self":[{"href":"https:\/\/vocesdebaires.com.ar\/index.php\/wp-json\/wp\/v2\/posts\/43514"}],"collection":[{"href":"https:\/\/vocesdebaires.com.ar\/index.php\/wp-json\/wp\/v2\/posts"}],"about":[{"href":"https:\/\/vocesdebaires.com.ar\/index.php\/wp-json\/wp\/v2\/types\/post"}],"author":[{"embeddable":true,"href":"https:\/\/vocesdebaires.com.ar\/index.php\/wp-json\/wp\/v2\/users\/2"}],"replies":[{"embeddable":true,"href":"https:\/\/vocesdebaires.com.ar\/index.php\/wp-json\/wp\/v2\/comments?post=43514"}],"version-history":[{"count":3,"href":"https:\/\/vocesdebaires.com.ar\/index.php\/wp-json\/wp\/v2\/posts\/43514\/revisions"}],"predecessor-version":[{"id":43518,"href":"https:\/\/vocesdebaires.com.ar\/index.php\/wp-json\/wp\/v2\/posts\/43514\/revisions\/43518"}],"wp:featuredmedia":[{"embeddable":true,"href":"https:\/\/vocesdebaires.com.ar\/index.php\/wp-json\/wp\/v2\/media\/43515"}],"wp:attachment":[{"href":"https:\/\/vocesdebaires.com.ar\/index.php\/wp-json\/wp\/v2\/media?parent=43514"}],"wp:term":[{"taxonomy":"category","embeddable":true,"href":"https:\/\/vocesdebaires.com.ar\/index.php\/wp-json\/wp\/v2\/categories?post=43514"},{"taxonomy":"post_tag","embeddable":true,"href":"https:\/\/vocesdebaires.com.ar\/index.php\/wp-json\/wp\/v2\/tags?post=43514"}],"curies":[{"name":"wp","href":"https:\/\/api.w.org\/{rel}","templated":true}]}}