{"id":43539,"date":"2023-04-24T00:00:52","date_gmt":"2023-04-24T03:00:52","guid":{"rendered":"https:\/\/vocesdebaires.com.ar\/?p=43539"},"modified":"2023-04-23T20:27:41","modified_gmt":"2023-04-23T23:27:41","slug":"santilli-el-anuncio-de-alberto-es-el-resultado-del-fracaso-del-gobierno","status":"publish","type":"post","link":"https:\/\/vocesdebaires.com.ar\/index.php\/2023\/04\/24\/santilli-el-anuncio-de-alberto-es-el-resultado-del-fracaso-del-gobierno\/","title":{"rendered":"Santilli: \u00abEl anuncio de Alberto es el resultado del fracaso del gobierno\u00bb"},"content":{"rendered":"<p>El precandidato a gobernador de Juntos por el Cambio en la provincia de Buenos Aires estuvo en Pilar este fin de semana y asegur\u00f3: \u00abTodos son parte y responsables de este gobierno que ha destruido los valores de los argentinos\u00bb.El diputado nacional, Diego Santilli, recorri\u00f3 Pilar junto al concejal Sebasti\u00e1n Neuspiller, y se refiri\u00f3 al anuncio del presidente Alberto Fern\u00e1ndez. \u00abLa renuncia a la reelecci\u00f3n que anunci\u00f3 el Presidente hoy es la conclusi\u00f3n del fracaso del gobierno. Es el fracaso de la falta de trabajo. Crecen los planes y no el trabajo privado.<\/p>\n<p>Estamos sufriendo una crisis de inseguridad en la provincia y el pa\u00eds, donde avanzan los narcos y los delincuentes operan libremente y eso es intolerable para los argentinos\u00bb, afirm\u00f3 el diputado nacional de Juntos. \u00abEs el fracaso en materia econ\u00f3mica, porque la inflaci\u00f3n destroza el salario todos los d\u00edas. Y esto engloba a Cristina, a M\u00e1ximo Kirchner, a Sergio Massa y al gobernador Kicillof. Todos son parte y responsables de este gobierno que ha destruido los valores de los argentinos\u00bb, concluy\u00f3. Por \u00faltimo, junto al candidato a intendente de Pilar, Sebasti\u00e1n Neuspiller, Santilli particip\u00f3 de un encuentro con repartidores de delivery que se ven afectados por la inseguridad.<\/p>\n","protected":false},"excerpt":{"rendered":"<p>El precandidato a gobernador de Juntos por el Cambio en la provincia de Buenos Aires estuvo en Pilar este fin de semana y asegur\u00f3: \u00abTodos son parte y responsables de este gobierno que ha destruido los valores de los argentinos\u00bb.El diputado nacional, Diego Santilli, recorri\u00f3 Pilar junto al concejal Sebasti\u00e1n Neuspiller, y se refiri\u00f3 al [&hellip;]<\/p>\n","protected":false},"author":2,"featured_media":43540,"comment_status":"open","ping_status":"open","sticky":false,"template":"","format":"standard","meta":{"_et_pb_use_builder":"","_et_pb_old_content":"","_et_gb_content_width":"","footnotes":""},"categories":[34,13],"tags":[],"class_list":["post-43539","post","type-post","status-publish","format-standard","has-post-thumbnail","hentry","category-politica","category-provincia"],"_links":{"self":[{"href":"https:\/\/vocesdebaires.com.ar\/index.php\/wp-json\/wp\/v2\/posts\/43539"}],"collection":[{"href":"https:\/\/vocesdebaires.com.ar\/index.php\/wp-json\/wp\/v2\/posts"}],"about":[{"href":"https:\/\/vocesdebaires.com.ar\/index.php\/wp-json\/wp\/v2\/types\/post"}],"author":[{"embeddable":true,"href":"https:\/\/vocesdebaires.com.ar\/index.php\/wp-json\/wp\/v2\/users\/2"}],"replies":[{"embeddable":true,"href":"https:\/\/vocesdebaires.com.ar\/index.php\/wp-json\/wp\/v2\/comments?post=43539"}],"version-history":[{"count":1,"href":"https:\/\/vocesdebaires.com.ar\/index.php\/wp-json\/wp\/v2\/posts\/43539\/revisions"}],"predecessor-version":[{"id":43541,"href":"https:\/\/vocesdebaires.com.ar\/index.php\/wp-json\/wp\/v2\/posts\/43539\/revisions\/43541"}],"wp:featuredmedia":[{"embeddable":true,"href":"https:\/\/vocesdebaires.com.ar\/index.php\/wp-json\/wp\/v2\/media\/43540"}],"wp:attachment":[{"href":"https:\/\/vocesdebaires.com.ar\/index.php\/wp-json\/wp\/v2\/media?parent=43539"}],"wp:term":[{"taxonomy":"category","embeddable":true,"href":"https:\/\/vocesdebaires.com.ar\/index.php\/wp-json\/wp\/v2\/categories?post=43539"},{"taxonomy":"post_tag","embeddable":true,"href":"https:\/\/vocesdebaires.com.ar\/index.php\/wp-json\/wp\/v2\/tags?post=43539"}],"curies":[{"name":"wp","href":"https:\/\/api.w.org\/{rel}","templated":true}]}}