{"id":43596,"date":"2023-04-27T01:56:23","date_gmt":"2023-04-27T04:56:23","guid":{"rendered":"https:\/\/vocesdebaires.com.ar\/?p=43596"},"modified":"2023-04-27T01:56:23","modified_gmt":"2023-04-27T04:56:23","slug":"pichetto-invito-a-santilli-a-su-lanzamiento-presidencial","status":"publish","type":"post","link":"https:\/\/vocesdebaires.com.ar\/index.php\/2023\/04\/27\/pichetto-invito-a-santilli-a-su-lanzamiento-presidencial\/","title":{"rendered":"Pichetto invito a Santilli a su lanzamiento presidencial"},"content":{"rendered":"<p>El precandidato a gobernador de Juntos por el Cambio, Diego Santilli, fue invitado hoy por Miguel \u00c1ngel Pichetto al lanzamiento de su candidatura presidencial y se refiri\u00f3 a la incorporaci\u00f3n de Espert a Juntos por el Cambio: \u00abdesde el 2021 sostengo que es clave ampliar nuestro espacio y siempre quise que Espert compita dentro de nuestra PASO porque le hubi\u00e9ramos ganado por m\u00e1s distancia al peronismo unido\u00bb. \u00abCelebro la incorporaci\u00f3n de Jos\u00e9 Luis Espert a Juntos por el Cambio.<\/p>\n<p>Desde las elecciones legislativas del 2021 que sostengo es clave ampliar nuestros espacio y siempre me manifest\u00e9 a favor de que Jos\u00e9 Luis compita dentro de nuestra Primaria\u00bb, afirm\u00f3 el diputado nacional Diego Santilli. \u201cMe hubiera gustado competir juntos en 2021 porque le hubi\u00e9semos ganado por m\u00e1s distancia al peronismo unido\u00bb, sintetiz\u00f3 el legislador nacional. \u00abPara encarar las transformaciones que necesita nuestro pa\u00eds y la Provincia de Buenos Aires es vital tener una base de sustentaci\u00f3n pol\u00edtica m\u00e1s amplia y representativa, consistente en las ideas y el programa de gobierno que vamos a tener que implementar a partir del 10 de diciembre cuando ganemos las elecciones\u00bb, asegur\u00f3 Santilli.<\/p>\n<p>\u00abCon Espert comparto la visi\u00f3n estrat\u00e9gica de integraci\u00f3n de la Argentina al mundo, mejorar nuestra competitividad para aumentar las exportaciones, y soy un ferviente defensor de las libertades individuales, del respeto a la Constituci\u00f3n y las instituciones. \u00c9ste es un n\u00facleo de coincidencias muy importante dentro de Juntos por el Cambio y Espert tambi\u00e9n las ha planteado p\u00fablicamente\u00bb, concluy\u00f3 el dirigente bonaerense de Juntos por el Cambio.<\/p>\n","protected":false},"excerpt":{"rendered":"<p>El precandidato a gobernador de Juntos por el Cambio, Diego Santilli, fue invitado hoy por Miguel \u00c1ngel Pichetto al lanzamiento de su candidatura presidencial y se refiri\u00f3 a la incorporaci\u00f3n de Espert a Juntos por el Cambio: \u00abdesde el 2021 sostengo que es clave ampliar nuestro espacio y siempre quise que Espert compita dentro de [&hellip;]<\/p>\n","protected":false},"author":2,"featured_media":43597,"comment_status":"open","ping_status":"open","sticky":false,"template":"","format":"standard","meta":{"_et_pb_use_builder":"","_et_pb_old_content":"","_et_gb_content_width":"","footnotes":""},"categories":[34,13],"tags":[],"class_list":["post-43596","post","type-post","status-publish","format-standard","has-post-thumbnail","hentry","category-politica","category-provincia"],"_links":{"self":[{"href":"https:\/\/vocesdebaires.com.ar\/index.php\/wp-json\/wp\/v2\/posts\/43596"}],"collection":[{"href":"https:\/\/vocesdebaires.com.ar\/index.php\/wp-json\/wp\/v2\/posts"}],"about":[{"href":"https:\/\/vocesdebaires.com.ar\/index.php\/wp-json\/wp\/v2\/types\/post"}],"author":[{"embeddable":true,"href":"https:\/\/vocesdebaires.com.ar\/index.php\/wp-json\/wp\/v2\/users\/2"}],"replies":[{"embeddable":true,"href":"https:\/\/vocesdebaires.com.ar\/index.php\/wp-json\/wp\/v2\/comments?post=43596"}],"version-history":[{"count":1,"href":"https:\/\/vocesdebaires.com.ar\/index.php\/wp-json\/wp\/v2\/posts\/43596\/revisions"}],"predecessor-version":[{"id":43598,"href":"https:\/\/vocesdebaires.com.ar\/index.php\/wp-json\/wp\/v2\/posts\/43596\/revisions\/43598"}],"wp:featuredmedia":[{"embeddable":true,"href":"https:\/\/vocesdebaires.com.ar\/index.php\/wp-json\/wp\/v2\/media\/43597"}],"wp:attachment":[{"href":"https:\/\/vocesdebaires.com.ar\/index.php\/wp-json\/wp\/v2\/media?parent=43596"}],"wp:term":[{"taxonomy":"category","embeddable":true,"href":"https:\/\/vocesdebaires.com.ar\/index.php\/wp-json\/wp\/v2\/categories?post=43596"},{"taxonomy":"post_tag","embeddable":true,"href":"https:\/\/vocesdebaires.com.ar\/index.php\/wp-json\/wp\/v2\/tags?post=43596"}],"curies":[{"name":"wp","href":"https:\/\/api.w.org\/{rel}","templated":true}]}}