{"id":43639,"date":"2023-05-01T11:29:00","date_gmt":"2023-05-01T14:29:00","guid":{"rendered":"https:\/\/vocesdebaires.com.ar\/?p=43639"},"modified":"2023-05-01T11:29:00","modified_gmt":"2023-05-01T14:29:00","slug":"generacion-para-un-encuentro-nacional-abrio-su-congreso-provincial","status":"publish","type":"post","link":"https:\/\/vocesdebaires.com.ar\/index.php\/2023\/05\/01\/generacion-para-un-encuentro-nacional-abrio-su-congreso-provincial\/","title":{"rendered":"Generaci\u00f3n para un Encuentro Nacional abri\u00f3 su Congreso Provincial"},"content":{"rendered":"<p>El mismo se realizo el pasado s\u00e1bado el partido de Generaci\u00f3n para un Encuentro Nacional (GEN), abri\u00f3 su Congreso Provincial con una foto unidad en la que participaron Margarita Stolbizer, Diego Santilli, Maximiliano Abad y Julio Garro.<\/p>\n<p><strong>Margarita Stolbizer:<\/strong><br \/>\n\u201cEs un momento oportuno este Congreso del GEN para convocar a los que aspiran a gobernar la provincia para trabajar de manera conjunta. Hoy la unidad tiene un valor estrat\u00e9gico. Es central ganarle la elecci\u00f3n a Kicillof y al kirchnerismo en la provincia. Y para eso necesitamos garantizar la unidad. No se nos escapa la PASO como instancia previa. Es bueno que haya competencia. Que se ampl\u00ede para que muchos sectores se puedan sentir representados pero lo que queremos es que exista y ustedes as\u00ed lo expresan (por Maxi Abad y Diego Santilli) la importancia de que haya unidad\u00bb.<\/p>\n<p><strong>Diego Santilli:<\/strong><br \/>\n\u201cLa parada que viene es dif\u00edcil, muy dif\u00edcil. Estamos con los peores indicadores, es el gobierno m\u00e1s inflacionario de la democracia. Como dec\u00eda Maxi, estamos cumpliendo 40 a\u00f1os de democracia. D\u00e9cimo presidente de la Rep\u00fablica Argentina y es el m\u00e1s inflacionario y m\u00e1s endeudado de los gobiernos democr\u00e1ticos de los \u00faltimos 40 a\u00f1os. Nos deja con la mayor pobreza de nuestro pa\u00eds, nos deja con la mayor informalidad, y en la Provincia de Buenos Aires lo \u00fanico que se ve es la informalidad. El desaf\u00edo es crear condiciones favorables para la inversi\u00f3n, bajar la carga impositiva que es asfixiante, potenciar la producci\u00f3n y la exportaci\u00f3n, y generar empleo privado.<\/p>\n<p>Eso se juega en el 2023 y estamos listos desde Juntos por el Cambio para encarar un proyecto de desarrollo y transformaci\u00f3n en la Provincia de Buenos Aires. Yo siento que debemos construir una provincia en donde est\u00e9n todos representados. Con espacios en las listas para todo nuestro frente y trabajar con un gabinete integrado a las gestiones municipales. Para m\u00ed no hay otra forma de transformar que no sea esa\u00bb.<\/p>\n<p><strong>Julio Garro:<\/strong><br \/>\n\u201cYo nunca cre\u00ed en la pol\u00edtica peque\u00f1a, nunca cre\u00ed en la pol\u00edtica de la mezquindad. Siempre cre\u00ed en la pol\u00edtica de la amplitud, digamos. Las cosas se transforman en una ciudad, en una provincia o en un pa\u00eds con todos, no con algunos. No hay genios ni iluminados. El conjunto de las personas es por lo general lo que permite lograr grandes transformaciones. Hoy el valor m\u00e1s importante es la unidad, es buscar equilibrios.<\/p>\n<p>Siempre una interna es buena, fortalece, pero tambi\u00e9n est\u00e1 bueno que haya equilibrios en las campa\u00f1as, equilibrios en las listas. Hoy dentro de nuestro frente l\u00f3gicamente hay discusiones que para m\u00ed son sanas. Pero lo que debe primar es la unidad del espacio para enfrentar al kirchnerismo y volver a recuperar el gobierno de la provincia de Buenos Aires\u201d.<\/p>\n<p><strong>Maxi Abad:<\/strong><br \/>\n\u201cLo primero que yo quiero decirles es que, en estos 40 a\u00f1os de democracia, no hemos podido construir estado de bienestar, no hemos podido construir democracia social y que esto se debe a un virus que nos infect\u00f3 como sociedad, a veces por izquierda y otras veces por derecha. Y ese virus es el populismo, que produce siempre los mismos resultados. M\u00e1s exclusi\u00f3n, m\u00e1s deterioro institucional, m\u00e1s corrupci\u00f3n y m\u00e1s aislamiento internacional. Nosotros de verdad queremos construir una Argentina, una provincia que nos saque de la frustraci\u00f3n y nos lleve al progreso y al desarrollo. Por eso es determinante hablar, es determinante perge\u00f1ar y es determinante construir esa provincia que nosotros queremos.<\/p>\n<p>Y esa provincia que nosotros queremos es una provincia que termine con el caos administrativo que estamos viviendo. Porque ese caos administrativo legitima la ineficacia estatal, pero perjudica definitivamente a los vecinos de la provincia de Buenos Aires. Nosotros queremos descentralizar la provincia, para que el Estado est\u00e9 cerca de los bonaerenses, pero los bonaerenses tengan a mano el Estado. Venimos de conversar mucho con los intendentes, venimos de dialogar mucho con los dirigentes, y venimos de hablar mucho con los vecinos. Queremos la autonom\u00eda municipal en la provincia de Buenos Aires.\u201d<\/p>\n","protected":false},"excerpt":{"rendered":"<p>El mismo se realizo el pasado s\u00e1bado el partido de Generaci\u00f3n para un Encuentro Nacional (GEN), abri\u00f3 su Congreso Provincial con una foto unidad en la que participaron Margarita Stolbizer, Diego Santilli, Maximiliano Abad y Julio Garro. Margarita Stolbizer: \u201cEs un momento oportuno este Congreso del GEN para convocar a los que aspiran a gobernar [&hellip;]<\/p>\n","protected":false},"author":2,"featured_media":43640,"comment_status":"open","ping_status":"open","sticky":false,"template":"","format":"standard","meta":{"_et_pb_use_builder":"","_et_pb_old_content":"","_et_gb_content_width":"","footnotes":""},"categories":[34,13],"tags":[],"class_list":["post-43639","post","type-post","status-publish","format-standard","has-post-thumbnail","hentry","category-politica","category-provincia"],"_links":{"self":[{"href":"https:\/\/vocesdebaires.com.ar\/index.php\/wp-json\/wp\/v2\/posts\/43639"}],"collection":[{"href":"https:\/\/vocesdebaires.com.ar\/index.php\/wp-json\/wp\/v2\/posts"}],"about":[{"href":"https:\/\/vocesdebaires.com.ar\/index.php\/wp-json\/wp\/v2\/types\/post"}],"author":[{"embeddable":true,"href":"https:\/\/vocesdebaires.com.ar\/index.php\/wp-json\/wp\/v2\/users\/2"}],"replies":[{"embeddable":true,"href":"https:\/\/vocesdebaires.com.ar\/index.php\/wp-json\/wp\/v2\/comments?post=43639"}],"version-history":[{"count":1,"href":"https:\/\/vocesdebaires.com.ar\/index.php\/wp-json\/wp\/v2\/posts\/43639\/revisions"}],"predecessor-version":[{"id":43641,"href":"https:\/\/vocesdebaires.com.ar\/index.php\/wp-json\/wp\/v2\/posts\/43639\/revisions\/43641"}],"wp:featuredmedia":[{"embeddable":true,"href":"https:\/\/vocesdebaires.com.ar\/index.php\/wp-json\/wp\/v2\/media\/43640"}],"wp:attachment":[{"href":"https:\/\/vocesdebaires.com.ar\/index.php\/wp-json\/wp\/v2\/media?parent=43639"}],"wp:term":[{"taxonomy":"category","embeddable":true,"href":"https:\/\/vocesdebaires.com.ar\/index.php\/wp-json\/wp\/v2\/categories?post=43639"},{"taxonomy":"post_tag","embeddable":true,"href":"https:\/\/vocesdebaires.com.ar\/index.php\/wp-json\/wp\/v2\/tags?post=43639"}],"curies":[{"name":"wp","href":"https:\/\/api.w.org\/{rel}","templated":true}]}}