{"id":4364,"date":"2019-06-11T03:00:00","date_gmt":"2019-06-11T06:00:00","guid":{"rendered":"http:\/\/vocesdebaires.com.ar\/wordpress\/index.php\/2019\/06\/11\/flores-larreta-inauguro-centro-de-salud-48\/"},"modified":"2019-06-11T03:00:00","modified_gmt":"2019-06-11T06:00:00","slug":"flores-larreta-inauguro-centro-de-salud-48","status":"publish","type":"post","link":"https:\/\/vocesdebaires.com.ar\/index.php\/2019\/06\/11\/flores-larreta-inauguro-centro-de-salud-48\/","title":{"rendered":"Flores: Larreta inaugur\u00f3 Centro de Salud 48"},"content":{"rendered":"<p>El jefe de Gobierno porte\u00f1o, Horacio Rodr\u00edguez Larreta, inaugur\u00f3 este lunes el Centro de Salud 48 en el barrio de Flores, que beneficiar\u00e1 a 20.000 vecinos y contar\u00e1 con 12 consultorios, vacunatorio, farmacia, enfermer\u00eda, dep\u00f3sito de leche, sanitarios, vestuarios y una sala de estar para los profesionales.,&quot;Nuestro objetivo es tener un Centro de Salud a menos de 15 minutos de la casa de cada vecino, y antes de fin de a\u00f1o vamos a cumplirlo&quot;, expres\u00f3 Rodr\u00edguez Larreta.El edificio integrar\u00e1 a la Casa de las Madres del Paco y al equipo de La Otra Base de Encuentro, especializados en la atenci\u00f3n de personas con problem\u00e1ticas de consumo.<\/p>\n<p>Adem\u00e1s, el Jefe de Gobierno porte\u00f1o indic\u00f3 que el nuevo centro &quot;est\u00e1 b\u00e1rbaro y equipado con la mejor tecnolog\u00eda&quot;. En esa l\u00ednea, Rodr\u00edguez Larreta complet\u00f3: &quot;Seguimos acercando la salud y la atenci\u00f3n a la gente&quot;.De la actividad tambi\u00e9n particip\u00f3 la ministra de Salud porte\u00f1a, Ana Mar\u00eda Bou P\u00e9rez, quien dijo que la Ciudad &quot;est\u00e1 terminando tres nuevos Centros de Salud&quot;, y agreg\u00f3: &quot;Pr\u00f3ximamente vamos a inaugurar una modalidad con una complejidad intermedia para que nuestros pacientes del primer nivel pasen a atenderse con especialistas y no tengan que recurrir a un hospital&quot;. En relaci\u00f3n a esto, Bou P\u00e9rez manifest\u00f3 que en el primer nivel \u201cse atienden m\u00e1s del 80% de las patolog\u00edas&quot; que pueden presentar los vecinos.<\/p>\n<p>El nuevo Centro de Salud est\u00e1 ubicado en la intersecci\u00f3n de las avenidas Francisco Fern\u00e1ndez de la Cruz y Perito Moreno, en el barrio 1-11-14 (Flores), y es uno de los tres que se inaugurar\u00e1n en barrios vulnerables, como el 21 y el 25, a\u00fan en obra, situados en el Barrio 31 (Retiro).Los profesionales tienen especialidades en psicolog\u00eda, trabajo social, obstetricia, farmac\u00e9utica y odontolog\u00eda, y trabajar\u00e1n en cuatro equipos de salud interdisciplinarios conformados por cuatro m\u00e9dicos generalistas, cuatro pediatras y cuatro enfermeros.<\/p>\n<p>Adem\u00e1s, contar\u00e1 con Historia de Salud Integral para facilitar la atenci\u00f3n de las personas del barrio y atender\u00e1 a aproximadamente 20.000 pacientes.Como parte de la obra tambi\u00e9n se edific\u00f3 la nueva Casa de las Madres del Paco, un centro de prevenci\u00f3n y contenci\u00f3n para ni\u00f1os, ni\u00f1as y j\u00f3venes con problemas de adicci\u00f3n al paco. \u00c9sta dispondr\u00e1 de cuatro consultorios, cuatro SUMs, una cocina, sanitarios y tres box de atenci\u00f3n.\u00c9ste es el quinto Centro de Salud que trabaja con los vecinos del Barrio 1-11-14. Los otros cuatro son el 19, el 20, el 31 y el 40. Los pr\u00f3ximos centros a inaugurar son el 14, el 21, el 25 y el Santander.<\/p>\n","protected":false},"excerpt":{"rendered":"<p>El jefe de Gobierno porte\u00f1o, Horacio Rodr\u00edguez Larreta, inaugur\u00f3 este lunes el Centro de Salud 48 en el barrio de Flores, que beneficiar\u00e1 a 20.000 vecinos y contar\u00e1 con 12 consultorios, vacunatorio, farmacia, enfermer\u00eda, dep\u00f3sito de leche, sanitarios, vestuarios y una sala de estar para los profesionales.,&quot;Nuestro objetivo es tener un Centro de Salud a [&hellip;]<\/p>\n","protected":false},"author":1,"featured_media":4365,"comment_status":"open","ping_status":"open","sticky":false,"template":"","format":"standard","meta":{"_et_pb_use_builder":"","_et_pb_old_content":"","_et_gb_content_width":"","footnotes":""},"categories":[11,32],"tags":[],"class_list":["post-4364","post","type-post","status-publish","format-standard","has-post-thumbnail","hentry","category-ciudad","category-comunas"],"_links":{"self":[{"href":"https:\/\/vocesdebaires.com.ar\/index.php\/wp-json\/wp\/v2\/posts\/4364"}],"collection":[{"href":"https:\/\/vocesdebaires.com.ar\/index.php\/wp-json\/wp\/v2\/posts"}],"about":[{"href":"https:\/\/vocesdebaires.com.ar\/index.php\/wp-json\/wp\/v2\/types\/post"}],"author":[{"embeddable":true,"href":"https:\/\/vocesdebaires.com.ar\/index.php\/wp-json\/wp\/v2\/users\/1"}],"replies":[{"embeddable":true,"href":"https:\/\/vocesdebaires.com.ar\/index.php\/wp-json\/wp\/v2\/comments?post=4364"}],"version-history":[{"count":0,"href":"https:\/\/vocesdebaires.com.ar\/index.php\/wp-json\/wp\/v2\/posts\/4364\/revisions"}],"wp:featuredmedia":[{"embeddable":true,"href":"https:\/\/vocesdebaires.com.ar\/index.php\/wp-json\/wp\/v2\/media\/4365"}],"wp:attachment":[{"href":"https:\/\/vocesdebaires.com.ar\/index.php\/wp-json\/wp\/v2\/media?parent=4364"}],"wp:term":[{"taxonomy":"category","embeddable":true,"href":"https:\/\/vocesdebaires.com.ar\/index.php\/wp-json\/wp\/v2\/categories?post=4364"},{"taxonomy":"post_tag","embeddable":true,"href":"https:\/\/vocesdebaires.com.ar\/index.php\/wp-json\/wp\/v2\/tags?post=4364"}],"curies":[{"name":"wp","href":"https:\/\/api.w.org\/{rel}","templated":true}]}}