{"id":4366,"date":"2019-06-11T03:00:00","date_gmt":"2019-06-11T06:00:00","guid":{"rendered":"http:\/\/vocesdebaires.com.ar\/wordpress\/index.php\/2019\/06\/11\/ciudad-programa-cultural-en-barrios-35-anos\/"},"modified":"2019-06-11T03:00:00","modified_gmt":"2019-06-11T06:00:00","slug":"ciudad-programa-cultural-en-barrios-35-anos","status":"publish","type":"post","link":"https:\/\/vocesdebaires.com.ar\/index.php\/2019\/06\/11\/ciudad-programa-cultural-en-barrios-35-anos\/","title":{"rendered":"Ciudad: Programa Cultural en Barrios 35 a\u00f1os"},"content":{"rendered":"<p>La Legislatura de la Ciudad de Buenos Aires aprob\u00f3 el pasado jueves una declaraci\u00f3n conmemorativa de los 35 a\u00f1os del Programa Cultural en Barrios, a celebrarse el 21 de julio pr\u00f3ximo.\u00a0El Programa dependiente de la Direcci\u00f3n General de Promoci\u00f3n Cultural cuenta en la actualidad con 36 Centros Culturales que brindan, barrio por barrio, un amplio abanico de actividades art\u00edsticas, de formaci\u00f3n, actualizaci\u00f3n de t\u00e9cnicas, experimentaci\u00f3n y producci\u00f3n art\u00edstica. Su realidad actual es reflejo del trabajo incansable de quienes hace 35 a\u00f1os le dan vida a una iniciativa que surgi\u00f3 como una de los m\u00e1s novedosas del momento.<\/p>\n<p>&quot;Pensado para &quot;despertar vocaciones&quot; entre sus participantes, el programa Cultural en Barrios es un hito de la descentralizaci\u00f3n cultural y es por esto que nos parece importante celebrar cada nuevo a\u00f1o en que este proyecto se mantiene en pie. En un contexto cultural que parece estar marcado por la centralizaci\u00f3n, destacar este tipo de programas nos parece fundamental&quot; sostienen los fundamentos del despacho elevado al Pleno por la Comisi\u00f3n de Cultura.<\/p>\n<p>Nacido en 1984, en una democracia reciente, ha ido actualizando su oferta cultural interpelando siempre a vecinos, tanto adolescentes como j\u00f3venes y adultos, atra\u00eddos por las distintas disciplinas abordadas en los talleres: circo, coro y canto, danzas, letras, m\u00fasica, artes esc\u00e9nicas, tecnolog\u00eda, artes pl\u00e1sticas, folklore, tango, murga, carnaval y candombe, murales, etc. El 21 de julio, el programa cumple 35 a\u00f1os de experiencia y trayectoria ininterrumpida, de representar un pilar fundamental del sostenimiento del tejido social y cultural de nuestra ciudad. Es necesario conmemorar esta fecha y asimismo reivindicar toda pol\u00edtica p\u00fablica cultural que apunte a democratizar el acceso a la cultura. La iniciativa fue de las legisladoras Lorena Iris Pokoik Garc\u00eda y Victoria Montenegro (UC).<\/p>\n","protected":false},"excerpt":{"rendered":"<p>La Legislatura de la Ciudad de Buenos Aires aprob\u00f3 el pasado jueves una declaraci\u00f3n conmemorativa de los 35 a\u00f1os del Programa Cultural en Barrios, a celebrarse el 21 de julio pr\u00f3ximo.\u00a0El Programa dependiente de la Direcci\u00f3n General de Promoci\u00f3n Cultural cuenta en la actualidad con 36 Centros Culturales que brindan, barrio por barrio, un amplio [&hellip;]<\/p>\n","protected":false},"author":1,"featured_media":4367,"comment_status":"open","ping_status":"open","sticky":false,"template":"","format":"standard","meta":{"_et_pb_use_builder":"","_et_pb_old_content":"","_et_gb_content_width":"","footnotes":""},"categories":[11,32],"tags":[],"class_list":["post-4366","post","type-post","status-publish","format-standard","has-post-thumbnail","hentry","category-ciudad","category-comunas"],"_links":{"self":[{"href":"https:\/\/vocesdebaires.com.ar\/index.php\/wp-json\/wp\/v2\/posts\/4366"}],"collection":[{"href":"https:\/\/vocesdebaires.com.ar\/index.php\/wp-json\/wp\/v2\/posts"}],"about":[{"href":"https:\/\/vocesdebaires.com.ar\/index.php\/wp-json\/wp\/v2\/types\/post"}],"author":[{"embeddable":true,"href":"https:\/\/vocesdebaires.com.ar\/index.php\/wp-json\/wp\/v2\/users\/1"}],"replies":[{"embeddable":true,"href":"https:\/\/vocesdebaires.com.ar\/index.php\/wp-json\/wp\/v2\/comments?post=4366"}],"version-history":[{"count":0,"href":"https:\/\/vocesdebaires.com.ar\/index.php\/wp-json\/wp\/v2\/posts\/4366\/revisions"}],"wp:featuredmedia":[{"embeddable":true,"href":"https:\/\/vocesdebaires.com.ar\/index.php\/wp-json\/wp\/v2\/media\/4367"}],"wp:attachment":[{"href":"https:\/\/vocesdebaires.com.ar\/index.php\/wp-json\/wp\/v2\/media?parent=4366"}],"wp:term":[{"taxonomy":"category","embeddable":true,"href":"https:\/\/vocesdebaires.com.ar\/index.php\/wp-json\/wp\/v2\/categories?post=4366"},{"taxonomy":"post_tag","embeddable":true,"href":"https:\/\/vocesdebaires.com.ar\/index.php\/wp-json\/wp\/v2\/tags?post=4366"}],"curies":[{"name":"wp","href":"https:\/\/api.w.org\/{rel}","templated":true}]}}