{"id":4368,"date":"2019-06-11T03:00:00","date_gmt":"2019-06-11T06:00:00","guid":{"rendered":"http:\/\/vocesdebaires.com.ar\/wordpress\/index.php\/2019\/06\/11\/vecino-inauguracion-paseo-de-la-costanera\/"},"modified":"2019-06-11T03:00:00","modified_gmt":"2019-06-11T06:00:00","slug":"vecino-inauguracion-paseo-de-la-costanera","status":"publish","type":"post","link":"https:\/\/vocesdebaires.com.ar\/index.php\/2019\/06\/11\/vecino-inauguracion-paseo-de-la-costanera\/","title":{"rendered":"Vecino: Inauguraci\u00f3n Paseo de la Costanera"},"content":{"rendered":"<p>El jefe de Gobierno porte\u00f1o, Horacio Rodr\u00edguez Larreta, particip\u00f3 el pasado s\u00e1bado junto a vecinos de una jornada de juegos, talleres y actividades para celebrar la inauguraci\u00f3n del Paseo de la Costanera. Rodr\u00edguez Larreta dijo que estos trabajos significan \u201cun nuevo espacio verde en la Ciudad\u201d y destac\u00f3 que \u201cvenimos sumando muchos para que la gente disfrute, para cuidar el medio ambiente&quot;. &quot;Ojal\u00e1 que venga mucha gente a disfrutarlo. Est\u00e1 bueno que los chicos, los grandes, vengan a pasear, a ver esta zona y a disfrutar del espacio verde en la Ciudad, que cada vez tenemos m\u00e1s\u201d, dijo.<\/p>\n<p>El Jefe de Gobierno tambi\u00e9n se\u00f1al\u00f3 que este \u201ces un primer paso para una obra m\u00e1s grande que es toda la ampliaci\u00f3n del Aeroparque\u201d.\u201cEso permite despu\u00e9s m\u00e1s vuelos, que traen m\u00e1s turismo, y m\u00e1s turismo es m\u00e1s trabajo en la Ciudad. As\u00ed que por donde lo miren esta obra es s\u00faper importante\u201d, afirm\u00f3.A su vez, remarc\u00f3 que este proyecto &quot;surge del trabajo en equipo con el Gobierno nacional\u201d, tal como se hizo con el Paseo del Bajo y los viaductos Mitre, San Mart\u00edn y Belgrano Sur. \u201cTrabajando en equipo se trabaja mucho mejor\u201d, agreg\u00f3 el Jefe de Gobierno.Los vecinos pudieron disfrutar de actividades l\u00fadicas, interactivas, musicales y teatrales. Se realizaron talleres con est\u00edmulos f\u00edsicos como percusi\u00f3n, zumba y circo.<\/p>\n<p>La jornada tambi\u00e9n cont\u00f3 con la presentaci\u00f3n del grupo infantil Mar\u00eda Elena Rock, que con su m\u00fasica le dio vida a los fabulosos mensajes de Mar\u00eda Elena Walsh. Adem\u00e1s hubo juegos de embocar, lanzar, memorizar, crear, concentrarse y observar. Tambi\u00e9n hubo inflables, una kermesse, un patio gastron\u00f3mico y lugares para que los vecinos pudieran sacarse fotos.El proyecto del nuevo Paseo de la Costanera busc\u00f3 respetar y proteger a los \u00e1rboles. Es por eso que la traza de las nuevas veredas se dise\u00f1\u00f3 en funci\u00f3n de la l\u00ednea de \u00e1rboles de la Avenida Costanera.En el paseo se plantaron 268 \u00e1rboles nuevos, 3.667 m2 de arbustos y un total de 30.541 m2 de \u00e1rea verde con c\u00e9sped.<\/p>\n<p>Se destaca el monumento a Crist\u00f3bal Col\u00f3n, anteriormente ubicado detr\u00e1s de la Casa Rosada. Es una escultura de 623 toneladas que se coloc\u00f3 en el centro del espacio verde y es obra del escultor Arnaldo Zocchi. Donado por parte de la comunidad italiana, se inaugur\u00f3 en 1921 y fue declarado patrimonio hist\u00f3rico y cultural de la Ciudad.Adem\u00e1s cuenta con una plaza de esculturas, una plaza de juegos, una plaza con chorros de agua y una plaza con un laberinto, que cada a su vez convergen en un muelle. Las distintas plazas est\u00e1n atravesadas por veredas y una ciclov\u00eda para disfrutar de un paseo frente al r\u00edo, y cuentan con sanitarios, iluminaci\u00f3n LED, espacios para sentarse y descansar.<\/p>\n<p>Con esta obra se logr\u00f3 trasladar la Avenida Costanera hacia el r\u00edo, se mejor\u00f3 la relaci\u00f3n de la Ciudad con el r\u00edo, brindando un nuevo parque para que los vecinos disfruten de la costanera. Esto permite ampliar el Aeroparque Jorge Newbery para mejorar su operaci\u00f3n por dentro y por fuera de la terminal.Las obras del Paseo de la Costanera se dividieron en dos etapas. En la primera se trabaj\u00f3 sobre 6 hect\u00e1reas que antes eran del r\u00edo, permitiendo correr la Avenida Costanera y ampliar todo el aeropuerto hacia ese sector. Con la segunda etapa, se realizar\u00e1n los trabajos de ampliaci\u00f3n de la terminal, de la pista y de la plataforma.<\/p>\n","protected":false},"excerpt":{"rendered":"<p>El jefe de Gobierno porte\u00f1o, Horacio Rodr\u00edguez Larreta, particip\u00f3 el pasado s\u00e1bado junto a vecinos de una jornada de juegos, talleres y actividades para celebrar la inauguraci\u00f3n del Paseo de la Costanera. Rodr\u00edguez Larreta dijo que estos trabajos significan \u201cun nuevo espacio verde en la Ciudad\u201d y destac\u00f3 que \u201cvenimos sumando muchos para que la [&hellip;]<\/p>\n","protected":false},"author":1,"featured_media":4369,"comment_status":"open","ping_status":"open","sticky":false,"template":"","format":"standard","meta":{"_et_pb_use_builder":"","_et_pb_old_content":"","_et_gb_content_width":"","footnotes":""},"categories":[11,32],"tags":[],"class_list":["post-4368","post","type-post","status-publish","format-standard","has-post-thumbnail","hentry","category-ciudad","category-comunas"],"_links":{"self":[{"href":"https:\/\/vocesdebaires.com.ar\/index.php\/wp-json\/wp\/v2\/posts\/4368"}],"collection":[{"href":"https:\/\/vocesdebaires.com.ar\/index.php\/wp-json\/wp\/v2\/posts"}],"about":[{"href":"https:\/\/vocesdebaires.com.ar\/index.php\/wp-json\/wp\/v2\/types\/post"}],"author":[{"embeddable":true,"href":"https:\/\/vocesdebaires.com.ar\/index.php\/wp-json\/wp\/v2\/users\/1"}],"replies":[{"embeddable":true,"href":"https:\/\/vocesdebaires.com.ar\/index.php\/wp-json\/wp\/v2\/comments?post=4368"}],"version-history":[{"count":0,"href":"https:\/\/vocesdebaires.com.ar\/index.php\/wp-json\/wp\/v2\/posts\/4368\/revisions"}],"wp:featuredmedia":[{"embeddable":true,"href":"https:\/\/vocesdebaires.com.ar\/index.php\/wp-json\/wp\/v2\/media\/4369"}],"wp:attachment":[{"href":"https:\/\/vocesdebaires.com.ar\/index.php\/wp-json\/wp\/v2\/media?parent=4368"}],"wp:term":[{"taxonomy":"category","embeddable":true,"href":"https:\/\/vocesdebaires.com.ar\/index.php\/wp-json\/wp\/v2\/categories?post=4368"},{"taxonomy":"post_tag","embeddable":true,"href":"https:\/\/vocesdebaires.com.ar\/index.php\/wp-json\/wp\/v2\/tags?post=4368"}],"curies":[{"name":"wp","href":"https:\/\/api.w.org\/{rel}","templated":true}]}}