{"id":43702,"date":"2023-05-05T14:29:43","date_gmt":"2023-05-05T17:29:43","guid":{"rendered":"https:\/\/vocesdebaires.com.ar\/?p=43702"},"modified":"2023-05-05T14:29:43","modified_gmt":"2023-05-05T17:29:43","slug":"lujan-ambiente-apelo-el-fallopara-frena-las-obras-del-centro-ambiental","status":"publish","type":"post","link":"https:\/\/vocesdebaires.com.ar\/index.php\/2023\/05\/05\/lujan-ambiente-apelo-el-fallopara-frena-las-obras-del-centro-ambiental\/","title":{"rendered":"Luj\u00e1n: Ambiente apel\u00f3 el fallo,para frena las obras del centro ambiental"},"content":{"rendered":"<p>El Ministerio de Ambiente de la Naci\u00f3n apel\u00f3 ante la C\u00e1mara Federal de San Mart\u00edn la revocatoria al fallo del juez federal de Mercedes, Elpidio Portocarrero Tezanos Pinto, quien orden\u00f3 frenar el cierre del basural a cielo abierto m\u00e1s grande del pa\u00eds y la continuidad de la obra del centro ambiental que avanza en el Predio Sucre, Partido de Luj\u00e1n. En ese marco, el secretario de Control y Monitoreo Ambiental, Sergio Federovisky, expres\u00f3: \u201cVamos a intentar recuperar la posibilidad de terminar la obra que ya tiene un 70 por ciento de avance, que beneficia a la totalidad de las y los vecinos de Luj\u00e1n y que elimina de manera definitiva uno de los focos de contaminaci\u00f3n y deterioro que padecen los vecinos hace 50 a\u00f1os\u201d.<\/p>\n<p>\u201cNo hay nada que justifique que el juez federal haya frenado el avance de esta obra. Por eso el Ministerio de Ambiente va a seguir luchando para recuperarla en pos de todos los vecinos\u201d. Adem\u00e1s, el funcionario nacional se\u00f1al\u00f3 que con la construcci\u00f3n del centro ambiental \u201cm\u00e1s de 200 recuperadores y recuperadoras urbanos que trabajan en condiciones medievales van a ver beneficiado su trabajo, a la vez que van a contar con una guarder\u00eda para sus hijas e hijos\u201d. A su vez, remarc\u00f3 que \u201cm\u00e1s de 20 mil personas que hoy bordean la zona del basural van a ver beneficiadas sus vidas de manera cotidiana\u201d.<\/p>\n<p>Cabe se\u00f1alar que el Ministerio de Ambiente de la Naci\u00f3n present\u00f3 ante la Justicia toda la documentaci\u00f3n que demuestra que se realiz\u00f3 el estudio de impacto ambiental y las instancias de participaci\u00f3n ciudadana. \u201cSe cumplieron todos los pasos, adem\u00e1s est\u00e1 refrendado por el Banco Interamericano de Desarrollo\u201d, remarc\u00f3 Federovisky. Cabe recordar que en diciembre de 2022 la cartera nacional apel\u00f3 otra medida cautelar impuesta por el juez federal de Quilmes, Luis Armella, que tambi\u00e9n hab\u00eda dispuesto la prohibici\u00f3n para continuar con las obras del centro ambiental en Luj\u00e1n y fue revocada en 24 horas.<\/p>\n","protected":false},"excerpt":{"rendered":"<p>El Ministerio de Ambiente de la Naci\u00f3n apel\u00f3 ante la C\u00e1mara Federal de San Mart\u00edn la revocatoria al fallo del juez federal de Mercedes, Elpidio Portocarrero Tezanos Pinto, quien orden\u00f3 frenar el cierre del basural a cielo abierto m\u00e1s grande del pa\u00eds y la continuidad de la obra del centro ambiental que avanza en el [&hellip;]<\/p>\n","protected":false},"author":3,"featured_media":43703,"comment_status":"open","ping_status":"open","sticky":false,"template":"","format":"standard","meta":{"_et_pb_use_builder":"","_et_pb_old_content":"","_et_gb_content_width":"","footnotes":""},"categories":[34,13],"tags":[],"class_list":["post-43702","post","type-post","status-publish","format-standard","has-post-thumbnail","hentry","category-politica","category-provincia"],"_links":{"self":[{"href":"https:\/\/vocesdebaires.com.ar\/index.php\/wp-json\/wp\/v2\/posts\/43702"}],"collection":[{"href":"https:\/\/vocesdebaires.com.ar\/index.php\/wp-json\/wp\/v2\/posts"}],"about":[{"href":"https:\/\/vocesdebaires.com.ar\/index.php\/wp-json\/wp\/v2\/types\/post"}],"author":[{"embeddable":true,"href":"https:\/\/vocesdebaires.com.ar\/index.php\/wp-json\/wp\/v2\/users\/3"}],"replies":[{"embeddable":true,"href":"https:\/\/vocesdebaires.com.ar\/index.php\/wp-json\/wp\/v2\/comments?post=43702"}],"version-history":[{"count":1,"href":"https:\/\/vocesdebaires.com.ar\/index.php\/wp-json\/wp\/v2\/posts\/43702\/revisions"}],"predecessor-version":[{"id":43704,"href":"https:\/\/vocesdebaires.com.ar\/index.php\/wp-json\/wp\/v2\/posts\/43702\/revisions\/43704"}],"wp:featuredmedia":[{"embeddable":true,"href":"https:\/\/vocesdebaires.com.ar\/index.php\/wp-json\/wp\/v2\/media\/43703"}],"wp:attachment":[{"href":"https:\/\/vocesdebaires.com.ar\/index.php\/wp-json\/wp\/v2\/media?parent=43702"}],"wp:term":[{"taxonomy":"category","embeddable":true,"href":"https:\/\/vocesdebaires.com.ar\/index.php\/wp-json\/wp\/v2\/categories?post=43702"},{"taxonomy":"post_tag","embeddable":true,"href":"https:\/\/vocesdebaires.com.ar\/index.php\/wp-json\/wp\/v2\/tags?post=43702"}],"curies":[{"name":"wp","href":"https:\/\/api.w.org\/{rel}","templated":true}]}}