{"id":43735,"date":"2023-05-08T00:00:22","date_gmt":"2023-05-08T03:00:22","guid":{"rendered":"https:\/\/vocesdebaires.com.ar\/?p=43735"},"modified":"2023-05-07T18:11:24","modified_gmt":"2023-05-07T21:11:24","slug":"santilli-recorrio-virrey-del-pino-isidro-casanova-san-justo-y-ramos-mejia","status":"publish","type":"post","link":"https:\/\/vocesdebaires.com.ar\/index.php\/2023\/05\/08\/santilli-recorrio-virrey-del-pino-isidro-casanova-san-justo-y-ramos-mejia\/","title":{"rendered":"Santilli: Recorri\u00f3 Virrey del Pino, Isidro Casanova, San Justo y Ramos Mej\u00eda"},"content":{"rendered":"<p>El precandidato a gobernador de Juntos por el Cambio, Diego Santilli, estuvo ayer recorriendo Virrey del Pino, Isidro Casanova, San Justo y Ramos Mej\u00eda. \u201cKicillof abandon\u00f3 la lucha contra la delincuencia y el narcotr\u00e1fico, nunca tuvo la decisi\u00f3n pol\u00edtica de ir a fondo y de defender a los ciudadanos y a las v\u00edctimas\u201d, afirm\u00f3 Santilli. El diputado nacional y precandidato a gobernador de Juntos por el Cambio recorri\u00f3 ayer el municipio de La Matanza, donde realiz\u00f3 distintas actividades en los barrios de Virrey del Pino, San Justo, Isidro Casanova y Ramos Mej\u00eda, donde particip\u00f3 de una marcha contra la inseguridad en Plaza Mitre organizada por los vecinos.<\/p>\n<p>\u201cFaltan 100 d\u00edas para que le demos un mazazo al kirchnerismo en la provincia de Buenos Aires y volver a repetir el triunfo que hicimos en 2021\u201d, asegur\u00f3 Santilli. \u201cLa gesti\u00f3n de Kicillof ha sido muy mala. Todos los indicadores sociales, econ\u00f3micos y productivos han empeorado. En materia de seguridad la situaci\u00f3n es a\u00fan m\u00e1s compleja, hace 3 a\u00f1os y medio que gobiernan y no hay coordinaci\u00f3n ni planificaci\u00f3n con el gobierno nacional. Han abandonado a los bonaerenses frente al avance de la delincuencia y el narcotr\u00e1fico\u201d, afirm\u00f3 el diputado nacional.<\/p>\n<p>Para Santilli, \u201cno existe un programa ni un horizonte de inversi\u00f3n con este gobierno; el \u00fanico objetivo que debemos tener es el de generar trabajo en el sector privado y productivo. En la educaci\u00f3n vamos en franco deterioro, s\u00f3lo 12 de cada 100 chicos salen con los saberes necesarios, 52 de cada 100 terminan la secundaria, y en la escuela de Kicillof y Baradel hay m\u00e1s adoctrinamiento que aprendizaje. Tenemos que retomar el valor de la educaci\u00f3n como mecanismo de ascenso social y la cultura del trabajo, del m\u00e9rito y del esfuerzo\u201d.<\/p>\n<p>\u201cSi me eligen gobernador, voy a modificar las leyes para que el delincuente que comete un delito cumpla la condena, voy a poner toda la polic\u00eda en la calle, voy a invertir en tecnolog\u00eda para tener mayores herramientas en el combate a los chorros, m\u00e1s equipamiento y mejores salarios para las fuerzas policiales. Tenemos que recuperar la paz y la libertad. Eso es lo que quiero y deseo para nuestra provincia\u201d, concluy\u00f3 el dirigente de Juntos por el Cambio, que estuvo acompa\u00f1ado de los principales referentes del espacio opositor en La Matanza: Toty Flores, Jorge Lampa, Cristian Alcaraz, Laura Grecco, Hernan Berisso, M\u00f3nica Roces y Tato Maglio.<\/p>\n","protected":false},"excerpt":{"rendered":"<p>El precandidato a gobernador de Juntos por el Cambio, Diego Santilli, estuvo ayer recorriendo Virrey del Pino, Isidro Casanova, San Justo y Ramos Mej\u00eda. \u201cKicillof abandon\u00f3 la lucha contra la delincuencia y el narcotr\u00e1fico, nunca tuvo la decisi\u00f3n pol\u00edtica de ir a fondo y de defender a los ciudadanos y a las v\u00edctimas\u201d, afirm\u00f3 Santilli. [&hellip;]<\/p>\n","protected":false},"author":2,"featured_media":43736,"comment_status":"open","ping_status":"open","sticky":false,"template":"","format":"standard","meta":{"_et_pb_use_builder":"","_et_pb_old_content":"","_et_gb_content_width":"","footnotes":""},"categories":[34,13],"tags":[],"class_list":["post-43735","post","type-post","status-publish","format-standard","has-post-thumbnail","hentry","category-politica","category-provincia"],"_links":{"self":[{"href":"https:\/\/vocesdebaires.com.ar\/index.php\/wp-json\/wp\/v2\/posts\/43735"}],"collection":[{"href":"https:\/\/vocesdebaires.com.ar\/index.php\/wp-json\/wp\/v2\/posts"}],"about":[{"href":"https:\/\/vocesdebaires.com.ar\/index.php\/wp-json\/wp\/v2\/types\/post"}],"author":[{"embeddable":true,"href":"https:\/\/vocesdebaires.com.ar\/index.php\/wp-json\/wp\/v2\/users\/2"}],"replies":[{"embeddable":true,"href":"https:\/\/vocesdebaires.com.ar\/index.php\/wp-json\/wp\/v2\/comments?post=43735"}],"version-history":[{"count":1,"href":"https:\/\/vocesdebaires.com.ar\/index.php\/wp-json\/wp\/v2\/posts\/43735\/revisions"}],"predecessor-version":[{"id":43737,"href":"https:\/\/vocesdebaires.com.ar\/index.php\/wp-json\/wp\/v2\/posts\/43735\/revisions\/43737"}],"wp:featuredmedia":[{"embeddable":true,"href":"https:\/\/vocesdebaires.com.ar\/index.php\/wp-json\/wp\/v2\/media\/43736"}],"wp:attachment":[{"href":"https:\/\/vocesdebaires.com.ar\/index.php\/wp-json\/wp\/v2\/media?parent=43735"}],"wp:term":[{"taxonomy":"category","embeddable":true,"href":"https:\/\/vocesdebaires.com.ar\/index.php\/wp-json\/wp\/v2\/categories?post=43735"},{"taxonomy":"post_tag","embeddable":true,"href":"https:\/\/vocesdebaires.com.ar\/index.php\/wp-json\/wp\/v2\/tags?post=43735"}],"curies":[{"name":"wp","href":"https:\/\/api.w.org\/{rel}","templated":true}]}}