{"id":438,"date":"2021-01-12T03:00:00","date_gmt":"2021-01-12T06:00:00","guid":{"rendered":"http:\/\/vocesdebaires.com.ar\/wordpress\/index.php\/2021\/01\/12\/agentes-de-prevencion-acompanan-a-los-chicos\/"},"modified":"2021-01-12T03:00:00","modified_gmt":"2021-01-12T06:00:00","slug":"agentes-de-prevencion-acompanan-a-los-chicos","status":"publish","type":"post","link":"https:\/\/vocesdebaires.com.ar\/index.php\/2021\/01\/12\/agentes-de-prevencion-acompanan-a-los-chicos\/","title":{"rendered":"Agentes de Prevenci\u00f3n acompa\u00f1an a los chicos"},"content":{"rendered":"<p>Los Agentes de Prevenci\u00f3n del Ministerio de Justicia y Seguridad tienen este verano 2021 una funci\u00f3n m\u00e1s en su servicio a la comunidad, en este caso, estar al cuidado del cumplimiento de los protocolos sanitarios de prevenci\u00f3n COVID en los ingresos y salidas de los chicos de las colonias y escuelas de verano. En las colonias de la Ciudad, un programa de la Subsecretar\u00eda de Deportes, hay inscriptos 15 mil ni\u00f1os y ni\u00f1as que participan de actividades en 14 polideportivos hasta el 29 de enero.<\/p>\n<p>En tanto, hasta el 4 de febrero funcionar\u00e1 el programa Escuelas de Verano, organizado por el Ministerio de Educaci\u00f3n porte\u00f1o, en el que hay 25 mil alumnos inscriptos para las actividades en 13 parques y centros deportivos de la Ciudad. Los Agentes de Prevenci\u00f3n, un cuerpo integrante del Sistema Integral de Seguridad P\u00fablica de la Ciudad, tienen como funci\u00f3n acompa\u00f1ar a los chicos en la entrada y salida de los centros donde se desarrollan las actividades, dar asistencia a la ascenso y descenso de los \u00f3mnibus, tomar temperatura, revisar que cada uno porte su tapabocas y verificar que no haya personas ajenas al lugar.<\/p>\n<p>\u201cDesde marzo de este a\u00f1o los Agentes est\u00e1n trabajando muy fuerte en protocolos de prevenci\u00f3n del Covid-19. Ahora en las colonias tendremos turnos ma\u00f1ana y tarde, para evitar aglomeraciones, y las viandas se entregar\u00e1n listas para consumir al aire libre, con todas las medidas de distanciamiento social\u201d, sostuvo David Kucawca, director general de Contenci\u00f3n Primaria de la Ciudadan\u00eda ante Delitos, de la Subsecretar\u00eda de Vinculaci\u00f3n Ciudadana en Seguridad, del Ministerio de Justicia y Seguridad. El funcionario destac\u00f3 que \u201ces importante que los chicos vayan recuperando estos espacios de recreaci\u00f3n y sociabilizaci\u00f3n\u201d.<\/p>\n","protected":false},"excerpt":{"rendered":"<p>Los Agentes de Prevenci\u00f3n del Ministerio de Justicia y Seguridad tienen este verano 2021 una funci\u00f3n m\u00e1s en su servicio a la comunidad, en este caso, estar al cuidado del cumplimiento de los protocolos sanitarios de prevenci\u00f3n COVID en los ingresos y salidas de los chicos de las colonias y escuelas de verano. En las [&hellip;]<\/p>\n","protected":false},"author":1,"featured_media":439,"comment_status":"open","ping_status":"open","sticky":false,"template":"","format":"standard","meta":{"_et_pb_use_builder":"","_et_pb_old_content":"","_et_gb_content_width":"","footnotes":""},"categories":[11,32],"tags":[],"class_list":["post-438","post","type-post","status-publish","format-standard","has-post-thumbnail","hentry","category-ciudad","category-comunas"],"_links":{"self":[{"href":"https:\/\/vocesdebaires.com.ar\/index.php\/wp-json\/wp\/v2\/posts\/438"}],"collection":[{"href":"https:\/\/vocesdebaires.com.ar\/index.php\/wp-json\/wp\/v2\/posts"}],"about":[{"href":"https:\/\/vocesdebaires.com.ar\/index.php\/wp-json\/wp\/v2\/types\/post"}],"author":[{"embeddable":true,"href":"https:\/\/vocesdebaires.com.ar\/index.php\/wp-json\/wp\/v2\/users\/1"}],"replies":[{"embeddable":true,"href":"https:\/\/vocesdebaires.com.ar\/index.php\/wp-json\/wp\/v2\/comments?post=438"}],"version-history":[{"count":0,"href":"https:\/\/vocesdebaires.com.ar\/index.php\/wp-json\/wp\/v2\/posts\/438\/revisions"}],"wp:featuredmedia":[{"embeddable":true,"href":"https:\/\/vocesdebaires.com.ar\/index.php\/wp-json\/wp\/v2\/media\/439"}],"wp:attachment":[{"href":"https:\/\/vocesdebaires.com.ar\/index.php\/wp-json\/wp\/v2\/media?parent=438"}],"wp:term":[{"taxonomy":"category","embeddable":true,"href":"https:\/\/vocesdebaires.com.ar\/index.php\/wp-json\/wp\/v2\/categories?post=438"},{"taxonomy":"post_tag","embeddable":true,"href":"https:\/\/vocesdebaires.com.ar\/index.php\/wp-json\/wp\/v2\/tags?post=438"}],"curies":[{"name":"wp","href":"https:\/\/api.w.org\/{rel}","templated":true}]}}