{"id":43820,"date":"2023-05-12T00:00:41","date_gmt":"2023-05-12T03:00:41","guid":{"rendered":"https:\/\/vocesdebaires.com.ar\/?p=43820"},"modified":"2023-05-11T23:26:01","modified_gmt":"2023-05-12T02:26:01","slug":"santilli-dijo-en-cualquier-escenario-juntos-por-el-cambio-le-va-a-ganar-a-kicillof","status":"publish","type":"post","link":"https:\/\/vocesdebaires.com.ar\/index.php\/2023\/05\/12\/santilli-dijo-en-cualquier-escenario-juntos-por-el-cambio-le-va-a-ganar-a-kicillof\/","title":{"rendered":"Santilli:\u00bbEn cualquier escenario Juntos por el Cambio le gana a Kicillof"},"content":{"rendered":"<p>El diputado nacional y precandidato a gobernador de Juntos por el Cambio, Diego Santilli, estuvo hoy en Lomas de Zamora junto al candidato a intendente Guillermo Vi\u00f1uales. \u00abEspeculan con la fecha porque quieren atrincherarse en la provincia\u00bb, asegur\u00f3. Sobre el posible desdoblamiento de las elecciones a gobernador, Santilli dijo: \u00abEn cualquier escenario Juntos por el Cambio le va a ganar a Kicillof. As\u00ed como hicimos en el 2021 con Facundo Manes y le ganamos una elecci\u00f3n hist\u00f3rica\u00bb. \u00abEs lamentable que Kicillof est\u00e9 especulando pol\u00edticamente con la fecha de las elecciones generales cuando la provincia atraviesa una crisis de empleo e inseguridad alarmante. S\u00f3lo buscan atrincherarse en la provincia\u00bb, afirm\u00f3.<\/p>\n<p>Sobre las internas en Juntos por el Cambio, el precandidato a gobernador asegur\u00f3 que \u00abtenemos que ser responsables porque el pa\u00eds est\u00e1 atravesando una crisis muy profunda, y lo que est\u00e1n esperando los argentinos de nosotros es que seamos coherentes, respetuosos entre nosotros, y que construyamos una propuesta superadora al kirchnerismo en la provincia y en el pa\u00eds\u00bb.<br \/>\n\u00abTengo confianza y esperanza en los bonaerenses de que vamos a ganar en la provincia y que podamos hacer un mejor gobierno enfocado en la calidad educativa, en la generaci\u00f3n de trabajo y en el combate a la delincuencia y a los narcos\u00bb, concluy\u00f3 Santilli.<\/p>\n","protected":false},"excerpt":{"rendered":"<p>El diputado nacional y precandidato a gobernador de Juntos por el Cambio, Diego Santilli, estuvo hoy en Lomas de Zamora junto al candidato a intendente Guillermo Vi\u00f1uales. \u00abEspeculan con la fecha porque quieren atrincherarse en la provincia\u00bb, asegur\u00f3. Sobre el posible desdoblamiento de las elecciones a gobernador, Santilli dijo: \u00abEn cualquier escenario Juntos por el [&hellip;]<\/p>\n","protected":false},"author":2,"featured_media":43821,"comment_status":"open","ping_status":"open","sticky":false,"template":"","format":"standard","meta":{"_et_pb_use_builder":"","_et_pb_old_content":"","_et_gb_content_width":"","footnotes":""},"categories":[34,13],"tags":[],"class_list":["post-43820","post","type-post","status-publish","format-standard","has-post-thumbnail","hentry","category-politica","category-provincia"],"_links":{"self":[{"href":"https:\/\/vocesdebaires.com.ar\/index.php\/wp-json\/wp\/v2\/posts\/43820"}],"collection":[{"href":"https:\/\/vocesdebaires.com.ar\/index.php\/wp-json\/wp\/v2\/posts"}],"about":[{"href":"https:\/\/vocesdebaires.com.ar\/index.php\/wp-json\/wp\/v2\/types\/post"}],"author":[{"embeddable":true,"href":"https:\/\/vocesdebaires.com.ar\/index.php\/wp-json\/wp\/v2\/users\/2"}],"replies":[{"embeddable":true,"href":"https:\/\/vocesdebaires.com.ar\/index.php\/wp-json\/wp\/v2\/comments?post=43820"}],"version-history":[{"count":3,"href":"https:\/\/vocesdebaires.com.ar\/index.php\/wp-json\/wp\/v2\/posts\/43820\/revisions"}],"predecessor-version":[{"id":43824,"href":"https:\/\/vocesdebaires.com.ar\/index.php\/wp-json\/wp\/v2\/posts\/43820\/revisions\/43824"}],"wp:featuredmedia":[{"embeddable":true,"href":"https:\/\/vocesdebaires.com.ar\/index.php\/wp-json\/wp\/v2\/media\/43821"}],"wp:attachment":[{"href":"https:\/\/vocesdebaires.com.ar\/index.php\/wp-json\/wp\/v2\/media?parent=43820"}],"wp:term":[{"taxonomy":"category","embeddable":true,"href":"https:\/\/vocesdebaires.com.ar\/index.php\/wp-json\/wp\/v2\/categories?post=43820"},{"taxonomy":"post_tag","embeddable":true,"href":"https:\/\/vocesdebaires.com.ar\/index.php\/wp-json\/wp\/v2\/tags?post=43820"}],"curies":[{"name":"wp","href":"https:\/\/api.w.org\/{rel}","templated":true}]}}