{"id":43936,"date":"2023-05-22T00:24:12","date_gmt":"2023-05-22T03:24:12","guid":{"rendered":"https:\/\/vocesdebaires.com.ar\/?p=43936"},"modified":"2023-05-22T00:26:08","modified_gmt":"2023-05-22T03:26:08","slug":"santillillame-a-grindetti-y-le-propuse-hacer-unas-paso-propositivas","status":"publish","type":"post","link":"https:\/\/vocesdebaires.com.ar\/index.php\/2023\/05\/22\/santillillame-a-grindetti-y-le-propuse-hacer-unas-paso-propositivas\/","title":{"rendered":"Santilli:\u201cLlam\u00e9 a Grindetti y le propuse hacer unas PASO propositivas\u201d"},"content":{"rendered":"<p>Diego Santilli precandidato a gobernador bonaerense se refiri\u00f3 a la primaria de Juntos por el Cambio en la provincia de Buenos Aires durante su recorrida por los municipios de Las Flores y Pila. El precandidato a gobernador bonaerense de Juntos por el Cambio, Diego Santilli, cont\u00f3 que llam\u00f3 a N\u00e9stor Grindetti despu\u00e9s de que Patricia Bullrich lo eligiera para competir en la provincia de Buenos Aires, y le propuso tener \u201cunas PASO sanas y propositivas para ganarle al kirchnerismo\u201d.<\/p>\n<p>\u201cLo llam\u00e9 a Grindetti cuando se supo que hab\u00eda sido designado por Patricia para ser su candidato. Le dije \u2018bienvenido\u2019 y le propuse una competencia sana y propositiva, como la que tuvimos con Facundo Manes en 2021, para ganarle al kirchnerismo porque para hacer las transformaciones en la Argentina hay que ganar la provincia de Buenos Aires\u201d, expres\u00f3. Santilli se refiri\u00f3 a la primaria de Juntos por el Cambio en el marco de su recorrida por los municipios de Las Flores y Pila, pertenecientes a la quinta secci\u00f3n electoral, donde sostuvo adem\u00e1s que la Provincia es \u201cel distrito productivo por excelencia, que aporta el 36% de las exportaciones, el 40% de las cabezas de ganado, el 50% de la producci\u00f3n industrial, el 60% de la industria automotriz, el 70% de la alimenticia y entre el 70% y el 80% de las refiner\u00edas de petr\u00f3leo, adem\u00e1s de los productos de cada regi\u00f3n\u201d.<\/p>\n<p>Sin embargo, remarc\u00f3 que, con 17 millones de habitantes, \u201chay que trabajar para solucionar la pobreza en el Conurbano, la falta de educaci\u00f3n y de compatibilidad de la formaci\u00f3n para la salida laboral; y hay que conectar la educaci\u00f3n con el empleo productivo\u201d.El candidato de Juntos en territorio bonaerense se\u00f1al\u00f3 que en la provincia m\u00e1s potente de la Argentina \u201chay que recuperar la educaci\u00f3n como \u00fanico factor de desarrollo y crecimiento de un pa\u00eds; quiero una escuela donde los chicos aprendan, no s\u00f3lo donde se contenga o peor a\u00fan, donde se adoctrine, como promociona el gobernador Kicillof\u201d. Respecto a la presi\u00f3n fiscal que sufren los productores bonaerenses, afirm\u00f3: \u201cHay que sacarle la pata de arriba de la cabeza a la producci\u00f3n y al campo para que potencie, produzca y expanda todo lo que tiene que proyectar. El potencial que tiene el campo, con inversi\u00f3n en tecnolog\u00eda y b\u00fasqueda de nuevos mercados para la Argentina y la provincia es enorme\u201d.<\/p>\n","protected":false},"excerpt":{"rendered":"<p>Diego Santilli precandidato a gobernador bonaerense se refiri\u00f3 a la primaria de Juntos por el Cambio en la provincia de Buenos Aires durante su recorrida por los municipios de Las Flores y Pila. El precandidato a gobernador bonaerense de Juntos por el Cambio, Diego Santilli, cont\u00f3 que llam\u00f3 a N\u00e9stor Grindetti despu\u00e9s de que Patricia [&hellip;]<\/p>\n","protected":false},"author":2,"featured_media":43938,"comment_status":"open","ping_status":"open","sticky":false,"template":"","format":"standard","meta":{"_et_pb_use_builder":"","_et_pb_old_content":"","_et_gb_content_width":"","footnotes":""},"categories":[34,13],"tags":[],"class_list":["post-43936","post","type-post","status-publish","format-standard","has-post-thumbnail","hentry","category-politica","category-provincia"],"_links":{"self":[{"href":"https:\/\/vocesdebaires.com.ar\/index.php\/wp-json\/wp\/v2\/posts\/43936"}],"collection":[{"href":"https:\/\/vocesdebaires.com.ar\/index.php\/wp-json\/wp\/v2\/posts"}],"about":[{"href":"https:\/\/vocesdebaires.com.ar\/index.php\/wp-json\/wp\/v2\/types\/post"}],"author":[{"embeddable":true,"href":"https:\/\/vocesdebaires.com.ar\/index.php\/wp-json\/wp\/v2\/users\/2"}],"replies":[{"embeddable":true,"href":"https:\/\/vocesdebaires.com.ar\/index.php\/wp-json\/wp\/v2\/comments?post=43936"}],"version-history":[{"count":1,"href":"https:\/\/vocesdebaires.com.ar\/index.php\/wp-json\/wp\/v2\/posts\/43936\/revisions"}],"predecessor-version":[{"id":43939,"href":"https:\/\/vocesdebaires.com.ar\/index.php\/wp-json\/wp\/v2\/posts\/43936\/revisions\/43939"}],"wp:featuredmedia":[{"embeddable":true,"href":"https:\/\/vocesdebaires.com.ar\/index.php\/wp-json\/wp\/v2\/media\/43938"}],"wp:attachment":[{"href":"https:\/\/vocesdebaires.com.ar\/index.php\/wp-json\/wp\/v2\/media?parent=43936"}],"wp:term":[{"taxonomy":"category","embeddable":true,"href":"https:\/\/vocesdebaires.com.ar\/index.php\/wp-json\/wp\/v2\/categories?post=43936"},{"taxonomy":"post_tag","embeddable":true,"href":"https:\/\/vocesdebaires.com.ar\/index.php\/wp-json\/wp\/v2\/tags?post=43936"}],"curies":[{"name":"wp","href":"https:\/\/api.w.org\/{rel}","templated":true}]}}