{"id":43997,"date":"2023-05-25T07:20:56","date_gmt":"2023-05-25T10:20:56","guid":{"rendered":"https:\/\/vocesdebaires.com.ar\/?p=43997"},"modified":"2023-05-25T07:20:56","modified_gmt":"2023-05-25T10:20:56","slug":"santilli-y-larreta-mantuvieron-un-encuentro-con-vecinos-de-moreno","status":"publish","type":"post","link":"https:\/\/vocesdebaires.com.ar\/index.php\/2023\/05\/25\/santilli-y-larreta-mantuvieron-un-encuentro-con-vecinos-de-moreno\/","title":{"rendered":"Santilli y Larreta mantuvieron un encuentro con vecinos de Moreno"},"content":{"rendered":"<p>El precandidato a gobernador de Juntos por el Cambio, Diego Santilli, estuvo el pasado martes en Moreno junto al Jefe de Gobierno porte\u00f1o y precandidato a presidente, Horacio Rodr\u00edguez Larreta. Tambi\u00e9n los acompa\u00f1\u00f3 An\u00edbal Asseff, referente del PRO y candidato a intendente. Santilli y Rodr\u00edguez Larreta mantuvieron un encuentro con vecinos en el que, entre otras problem\u00e1ticas que los inquietan, conversaron sobre el flagelo de la inflaci\u00f3n, el avance del narcotr\u00e1fico y la situaci\u00f3n de inseguridad que se vive en ese municipio, que lidera el ranking con mayor tasa de homicidios (8,92 cada 100 mil habitantes).<\/p>\n<p>\u201cVamos terminar con la inflaci\u00f3n en la Argentina\u201d afirm\u00f3 Rodr\u00edguez Larreta, en di\u00e1logo con la prensa local que se acerc\u00f3 a las inmediaciones de la cafeter\u00eda donde transcurri\u00f3 la reuni\u00f3n. Horacio calific\u00f3 a la situaci\u00f3n como \u201cdesesperante\u201d. \u201cHoy un jubilado con la m\u00ednima tiene hambre; ese es el drama de la inflaci\u00f3n\u201d, detall\u00f3. El mandatario asegur\u00f3 que trabaja en un programa integral para resolver la problem\u00e1tica y que es \u201cdif\u00edcil pero no imposible\u201d: \u201cVamos a dejar de gastar de m\u00e1s, basta de d\u00e9ficit y basta de imprimir plata. Necesitamos la independencia del Banco Central. Adem\u00e1s vamos a duplicar las exportaciones; con eso se termina el ahogo de los d\u00f3lares y cortamos con los problemas del tipo de cambio\u201d.<\/p>\n<p>Sobre las elecciones en el municipio y la provincia afirm\u00f3: \u201cLa gente en Moreno quiere un cambio\u201d y arremeti\u00f3: \u201cDiego (Santilli) va a ser el pr\u00f3ximo gobernador de la Provincia, es una de las pocas personas con experiencia concreta de haber mejorado la seguridad en Buenos Aires\u201d que es una de las principales preocupaciones de los vecinos. En esa l\u00ednea, Santilli agreg\u00f3: \u201cVamos a poner la polic\u00eda en la calle para enfrentar a los delincuentes, para defender y proteger a los vecinos, para hacer retroceder al narco. Todo lo contrario que hizo este gobernador\u00bb.<\/p>\n<p>\u201cHoy el de Kicillof es un gobierno ausente que no le ha dado la cara a los problemas de los bonaerenses. Nosotros vamos a enfrentar esos problemas\u201d, sostuvo. Por \u00faltimo, Assef dijo: \u201cMoreno sigue atrasado, con altos \u00edndices de inseguridad, la mayor\u00eda de los colegios no funcionan o tienen problemas. Estamos llevando nuestra propuesta y la intenci\u00f3n de cambio que necesita Moreno. Hace 25 a\u00f1os vive de un mismo color pol\u00edtico gobernando\u201d. \u201cCon Horacio y Diego vamos a enfrentar los dif\u00edciles momentos que tiene la Argentina\u201d, cerr\u00f3.<\/p>\n","protected":false},"excerpt":{"rendered":"<p>El precandidato a gobernador de Juntos por el Cambio, Diego Santilli, estuvo el pasado martes en Moreno junto al Jefe de Gobierno porte\u00f1o y precandidato a presidente, Horacio Rodr\u00edguez Larreta. Tambi\u00e9n los acompa\u00f1\u00f3 An\u00edbal Asseff, referente del PRO y candidato a intendente. Santilli y Rodr\u00edguez Larreta mantuvieron un encuentro con vecinos en el que, entre [&hellip;]<\/p>\n","protected":false},"author":2,"featured_media":43998,"comment_status":"open","ping_status":"open","sticky":false,"template":"","format":"standard","meta":{"_et_pb_use_builder":"","_et_pb_old_content":"","_et_gb_content_width":"","footnotes":""},"categories":[34,13],"tags":[],"class_list":["post-43997","post","type-post","status-publish","format-standard","has-post-thumbnail","hentry","category-politica","category-provincia"],"_links":{"self":[{"href":"https:\/\/vocesdebaires.com.ar\/index.php\/wp-json\/wp\/v2\/posts\/43997"}],"collection":[{"href":"https:\/\/vocesdebaires.com.ar\/index.php\/wp-json\/wp\/v2\/posts"}],"about":[{"href":"https:\/\/vocesdebaires.com.ar\/index.php\/wp-json\/wp\/v2\/types\/post"}],"author":[{"embeddable":true,"href":"https:\/\/vocesdebaires.com.ar\/index.php\/wp-json\/wp\/v2\/users\/2"}],"replies":[{"embeddable":true,"href":"https:\/\/vocesdebaires.com.ar\/index.php\/wp-json\/wp\/v2\/comments?post=43997"}],"version-history":[{"count":1,"href":"https:\/\/vocesdebaires.com.ar\/index.php\/wp-json\/wp\/v2\/posts\/43997\/revisions"}],"predecessor-version":[{"id":43999,"href":"https:\/\/vocesdebaires.com.ar\/index.php\/wp-json\/wp\/v2\/posts\/43997\/revisions\/43999"}],"wp:featuredmedia":[{"embeddable":true,"href":"https:\/\/vocesdebaires.com.ar\/index.php\/wp-json\/wp\/v2\/media\/43998"}],"wp:attachment":[{"href":"https:\/\/vocesdebaires.com.ar\/index.php\/wp-json\/wp\/v2\/media?parent=43997"}],"wp:term":[{"taxonomy":"category","embeddable":true,"href":"https:\/\/vocesdebaires.com.ar\/index.php\/wp-json\/wp\/v2\/categories?post=43997"},{"taxonomy":"post_tag","embeddable":true,"href":"https:\/\/vocesdebaires.com.ar\/index.php\/wp-json\/wp\/v2\/tags?post=43997"}],"curies":[{"name":"wp","href":"https:\/\/api.w.org\/{rel}","templated":true}]}}