{"id":44103,"date":"2023-06-01T01:02:58","date_gmt":"2023-06-01T04:02:58","guid":{"rendered":"https:\/\/vocesdebaires.com.ar\/?p=44103"},"modified":"2023-06-01T01:02:58","modified_gmt":"2023-06-01T04:02:58","slug":"hottonsantilli-es-el-gobernador-que-la-gente-quiere-en-la-provincia","status":"publish","type":"post","link":"https:\/\/vocesdebaires.com.ar\/index.php\/2023\/06\/01\/hottonsantilli-es-el-gobernador-que-la-gente-quiere-en-la-provincia\/","title":{"rendered":"Hotton:\u00bbSantilli es el gobernador que la gente quiere en la Provincia\u201d"},"content":{"rendered":"<p>La presidente de M\u00e1s Valores, Cynthia Hotton, recorri\u00f3 el partido bonaerense de Tres de Febrero, donde se reuni\u00f3 con el intendente Diego Valenzuela y la senadora provincial Daniela Reich (Juntos por el Cambio) y la localidad de San Mart\u00edn para visitar la Universidad Nacional de ese distrito. Adem\u00e1s, mantuvo reuniones con pastores de la zona, vecinos y comerciantes.<br \/>\n\u201cDialogamos sobre la importancia del contacto permanente con la gente en las gestiones locales, lo que permite generar soluciones concretas para cada necesidad\u201d, expres\u00f3 Hotton tras reunirse con Valenzuela.<\/p>\n<p>\u201cEl encuentro con Diego (Valenzuela) fue una confirmaci\u00f3n m\u00e1s de que la Provincia precisa un cambio de gobierno de manera urgente, ya que la actual gesti\u00f3n de Kicillof representa la ausencia del Estado\u201d, asegur\u00f3 la exdiputada nacional. En tanto, junto a la senadora provincial y presidente del PRO Buenos Aires, Daniela Reich, coincidieron en la importancia de la participaci\u00f3n de las mujeres dentro de la estructura pol\u00edtica y de apoyar sus candidaturas. Adem\u00e1s, Reich destac\u00f3 el trabajo social que Hotton y su equipo realizan desde el Consejo Social de la Ciudad de Buenos Aires.<\/p>\n<p>\u00abEn cada recorrida por la Provincia de Buenos Aires, las preocupaciones se repiten: inseguridad, inflaci\u00f3n y el crecimiento de los consumos problem\u00e1ticos. Estoy comprometida en trabajar en pol\u00edticas que generen soluciones reales y transformen la vida de la gente\u00bb, asegur\u00f3 la exdiputada, quien agreg\u00f3: \u201cQuiero trabajar con Diego Santilli, el futuro gobernador, para que en la Provincia de Buenos Aires se pueda vivir. Es por eso que aspiro a ser precandidata a vicegobernadora\u201d. \u201cCon Diego compartimos los valores del trabajo en equipo para resolver los problemas de la gente\u201d, destac\u00f3 Hotton.<\/p>\n<p>M\u00e1s tarde, Hotton encabez\u00f3 un encuentro de pastores de la zona, en la Iglesia Respuesta de Fe de Mart\u00edn Coronado d\u00f3nde destac\u00f3 la tarea social que realizan. A continuaci\u00f3n, Hotton y su equipo, a bordo de su motorhome, se trasladaron al partido de San Mart\u00edn d\u00f3nde visitaron la sede de la Universidad Nacional. \u201cNecesitamos mejorar fuertemente la educaci\u00f3n en el nivel medio para que cada vez m\u00e1s chicos accedan a la Universidad. Hay que eliminar todas las dificultades que hacen que un adolescente o joven abandone sus estudios: desde la falta de recursos hasta las adicciones\u201d, afirm\u00f3 la economista, luego de ser recibida por el Secretario de Extensi\u00f3n y Vinculaci\u00f3n de la UNSAM, Diego Kampel.<\/p>\n<p>Asimismo, la l\u00edder de M\u00e1s Valores tuvo otro encuentro con pastores en la iglesia Casa de Dios, de Villa Ballester, donde remarc\u00f3 la importancia de la pol\u00edtica para transformar la realidad, y destac\u00f3 la labor social de todos los miembros de la iglesia, que brindan contenci\u00f3n espiritual y todo tipo de ayuda en los sectores m\u00e1s vulnerables de cada localidad. All\u00ed tambi\u00e9n se refiri\u00f3 a la importancia de abordar problem\u00e1ticas de las que no se hablan, como la adopci\u00f3n, los problemas que enfrentan las personas con discapacidad, las dificultades que tienen los adultos mayores y la falta de tratamientos para recuperar personas adictas.<\/p>\n<p>\u201cSon temas que tratamos permanentemente de poner en agenda, fundamentalmente porque afectan a las familias y en muchos casos son atendidos por las iglesias evang\u00e9licas en cada ciudad\u201d, indic\u00f3. Al t\u00e9rmino del encuentro la exdiputada afirm\u00f3: \u201cCada distrito tiene su realidad y nosotros asumimos el compromiso de recorrer la provincia de Buenos Aires para conocerla en primera persona\u201d. De la recorrida particip\u00f3 tambi\u00e9n Miriam Donati Brusco, referente de M\u00e1s Valores.<\/p>\n","protected":false},"excerpt":{"rendered":"<p>La presidente de M\u00e1s Valores, Cynthia Hotton, recorri\u00f3 el partido bonaerense de Tres de Febrero, donde se reuni\u00f3 con el intendente Diego Valenzuela y la senadora provincial Daniela Reich (Juntos por el Cambio) y la localidad de San Mart\u00edn para visitar la Universidad Nacional de ese distrito. Adem\u00e1s, mantuvo reuniones con pastores de la zona, [&hellip;]<\/p>\n","protected":false},"author":2,"featured_media":44104,"comment_status":"open","ping_status":"open","sticky":false,"template":"","format":"standard","meta":{"_et_pb_use_builder":"","_et_pb_old_content":"","_et_gb_content_width":"","footnotes":""},"categories":[34,13],"tags":[],"class_list":["post-44103","post","type-post","status-publish","format-standard","has-post-thumbnail","hentry","category-politica","category-provincia"],"_links":{"self":[{"href":"https:\/\/vocesdebaires.com.ar\/index.php\/wp-json\/wp\/v2\/posts\/44103"}],"collection":[{"href":"https:\/\/vocesdebaires.com.ar\/index.php\/wp-json\/wp\/v2\/posts"}],"about":[{"href":"https:\/\/vocesdebaires.com.ar\/index.php\/wp-json\/wp\/v2\/types\/post"}],"author":[{"embeddable":true,"href":"https:\/\/vocesdebaires.com.ar\/index.php\/wp-json\/wp\/v2\/users\/2"}],"replies":[{"embeddable":true,"href":"https:\/\/vocesdebaires.com.ar\/index.php\/wp-json\/wp\/v2\/comments?post=44103"}],"version-history":[{"count":1,"href":"https:\/\/vocesdebaires.com.ar\/index.php\/wp-json\/wp\/v2\/posts\/44103\/revisions"}],"predecessor-version":[{"id":44105,"href":"https:\/\/vocesdebaires.com.ar\/index.php\/wp-json\/wp\/v2\/posts\/44103\/revisions\/44105"}],"wp:featuredmedia":[{"embeddable":true,"href":"https:\/\/vocesdebaires.com.ar\/index.php\/wp-json\/wp\/v2\/media\/44104"}],"wp:attachment":[{"href":"https:\/\/vocesdebaires.com.ar\/index.php\/wp-json\/wp\/v2\/media?parent=44103"}],"wp:term":[{"taxonomy":"category","embeddable":true,"href":"https:\/\/vocesdebaires.com.ar\/index.php\/wp-json\/wp\/v2\/categories?post=44103"},{"taxonomy":"post_tag","embeddable":true,"href":"https:\/\/vocesdebaires.com.ar\/index.php\/wp-json\/wp\/v2\/tags?post=44103"}],"curies":[{"name":"wp","href":"https:\/\/api.w.org\/{rel}","templated":true}]}}