{"id":4429,"date":"2019-05-20T03:25:01","date_gmt":"2019-05-20T06:25:01","guid":{"rendered":"http:\/\/vocesdebaires.com.ar\/wordpress\/index.php\/2019\/05\/20\/carlos-alberto-benavidez-personalidad-destacada\/"},"modified":"2019-05-20T03:25:01","modified_gmt":"2019-05-20T06:25:01","slug":"carlos-alberto-benavidez-personalidad-destacada","status":"publish","type":"post","link":"https:\/\/vocesdebaires.com.ar\/index.php\/2019\/05\/20\/carlos-alberto-benavidez-personalidad-destacada\/","title":{"rendered":"Carlos Alberto Benavidez, personalidad destacada"},"content":{"rendered":"<p>El escultor Carlos Alberto Benavidez es flamante Personalidad Destacada de la Cultura de la Ciudad.\u00a0 Durante el acto en el Sal\u00f3n Per\u00f3n, el legislador Daniel Del Sol (VJ), autor de la declaraci\u00f3n, evalu\u00f3 que el galardonado es de los que m\u00e1s tienen estatuas p\u00fablicas emplazadas, entre las que se encuentran las de los deportistas Diego Maradona, Ricardo Bochini, Guillermo Vilas, Gabriela Sabattini, Juan Manuel Fangio; pol\u00edticos como Juan Domingo Per\u00f3n, Ra\u00fal Alfons\u00edn, Ernesto Che Guevara o artistas como Astro Piazzolla, Mercedes Sosa; entre otros.<\/p>\n<p>Del Sol record\u00f3 que \u201cen 2014\u00a0 gan\u00f3 el concurso y \u00e9l fue el autor del primer monumento al ex presidente Per\u00f3n en la Ciudad de Buenos Aires\u201d. El legislador se dirigi\u00f3 al \u201cmaestro, artista, escultor\u201d y le dijo a Benavidez que disfrute el galard\u00f3n: \u201choy es tu d\u00eda, te lo merec\u00e9s\u201d.El pintor Ricardo Celma lo describi\u00f3: \u201ces un creador de verdad, tuvo que sacarse un mont\u00f3n de corazas, c\u00e1scaras sociales que le dec\u00edan lo que deb\u00eda hacer\u201d, para finalmente dedicarse de lleno a la escultura.<\/p>\n<p>Y valor\u00f3 la trayectoria de Benavidez: \u201cel arte tiene que ser masivo, para la gente\u201d ya que al estar emplazadas en parques y calles, son gratuitas,\u00a0 abiertas a todos y\u00a0 \u201clogran que tengas un di\u00e1logo con personas que no veamos en nuestras existencias\u201d, pero \u00e9l \u201cconsigue ponerle vida &quot;Benavidez, con su voz emocionada que le hizo pausar su discurso, agradeci\u00f3 la distinci\u00f3n y manifest\u00f3 \u201cun orgullo tener m\u00e1s de 120 personas que invitar\u201d, ya que con su esposa \u201chace 8 a\u00f1os que estamos en Buenos Aires\u201d, cuando decidieron abandonar la provincia de C\u00f3rdoba natal. \u201cLa energ\u00eda que transmito en cada escultura, es la de todos ustedes\u201d. Y afirm\u00f3: \u201cyo juego con tierra, eso es lo que hago\u201dDurante el acto estuvieron presentes entre familiares y amigos del artista,\u00a0 Germ\u00e1n L\u00f3pez, prosecretario administrativo de la C\u00e1mara de Senadores de la Provincia de Buenos Aires;\u00a0 Eduardo Jord\u00e1n, director de la Biblioteca del Senado bonaerense; y Lino Patalano, director y productor teatral.<\/p>\n<p>Sobre Carlos\u00a0 Benavidez:<br \/>El cordob\u00e9s de 54 a\u00f1os es el artista con m\u00e1s estatuaria p\u00fablica colocada en el pa\u00eds y ha realizado trabajos para coleccionistas tanto de Argentina como de los Estados Unidos, Espa\u00f1a, Reino Unido, Alemania, Eslovaquia, Italia, Suiza, Francia, y para importantes galeristas del medio.Entre sus obras m\u00e1s importantes en la Ciudad se encuentran el primer monumento en Buenos Aires a Juan Domingo Per\u00f3n (&quot;Unidos Triunfaremos&quot;), inaugurado en 2015 tras ganar un concurso de la Legislatura porte\u00f1a, y las esculturas colocadas en el Paseo de la Gloria de Costanera Sur en homenaje a los deportistas m\u00e1s destacados de la historia argentina, como Emanuel Ginobili, Lionel Messi, Diego Maradona, Guillermo Vilas y Fangio, entre otras. Tambi\u00e9n es el autor de las obras urbanas en el Pasaje Carlos Gardel y San Telmo. Adem\u00e1s realiz\u00f3 varias estatuas y bustos, como el de Ricardo Bochini en Avellaneda, Diego Maradona en Bah\u00eda Blanca, Mercedes Sosa en La Plata, Eva Duarte de Per\u00f3n en Los Toldos, Astor Piazzolla en Mar del Plata, Padre Mario Pantaleo en Gonz\u00e1lez Cat\u00e1n y \u201cSui Generis\u201d (Charly Garc\u00eda y Nito Mestre) en Mar del Plata.<\/p>\n","protected":false},"excerpt":{"rendered":"<p>El escultor Carlos Alberto Benavidez es flamante Personalidad Destacada de la Cultura de la Ciudad.\u00a0 Durante el acto en el Sal\u00f3n Per\u00f3n, el legislador Daniel Del Sol (VJ), autor de la declaraci\u00f3n, evalu\u00f3 que el galardonado es de los que m\u00e1s tienen estatuas p\u00fablicas emplazadas, entre las que se encuentran las de los deportistas Diego [&hellip;]<\/p>\n","protected":false},"author":1,"featured_media":4430,"comment_status":"open","ping_status":"open","sticky":false,"template":"","format":"standard","meta":{"_et_pb_use_builder":"","_et_pb_old_content":"","_et_gb_content_width":"","footnotes":""},"categories":[11,32],"tags":[],"class_list":["post-4429","post","type-post","status-publish","format-standard","has-post-thumbnail","hentry","category-ciudad","category-comunas"],"_links":{"self":[{"href":"https:\/\/vocesdebaires.com.ar\/index.php\/wp-json\/wp\/v2\/posts\/4429"}],"collection":[{"href":"https:\/\/vocesdebaires.com.ar\/index.php\/wp-json\/wp\/v2\/posts"}],"about":[{"href":"https:\/\/vocesdebaires.com.ar\/index.php\/wp-json\/wp\/v2\/types\/post"}],"author":[{"embeddable":true,"href":"https:\/\/vocesdebaires.com.ar\/index.php\/wp-json\/wp\/v2\/users\/1"}],"replies":[{"embeddable":true,"href":"https:\/\/vocesdebaires.com.ar\/index.php\/wp-json\/wp\/v2\/comments?post=4429"}],"version-history":[{"count":0,"href":"https:\/\/vocesdebaires.com.ar\/index.php\/wp-json\/wp\/v2\/posts\/4429\/revisions"}],"wp:featuredmedia":[{"embeddable":true,"href":"https:\/\/vocesdebaires.com.ar\/index.php\/wp-json\/wp\/v2\/media\/4430"}],"wp:attachment":[{"href":"https:\/\/vocesdebaires.com.ar\/index.php\/wp-json\/wp\/v2\/media?parent=4429"}],"wp:term":[{"taxonomy":"category","embeddable":true,"href":"https:\/\/vocesdebaires.com.ar\/index.php\/wp-json\/wp\/v2\/categories?post=4429"},{"taxonomy":"post_tag","embeddable":true,"href":"https:\/\/vocesdebaires.com.ar\/index.php\/wp-json\/wp\/v2\/tags?post=4429"}],"curies":[{"name":"wp","href":"https:\/\/api.w.org\/{rel}","templated":true}]}}