{"id":44337,"date":"2023-06-16T12:45:19","date_gmt":"2023-06-16T15:45:19","guid":{"rendered":"https:\/\/vocesdebaires.com.ar\/?p=44337"},"modified":"2023-06-16T12:45:19","modified_gmt":"2023-06-16T15:45:19","slug":"cada-25-de-septiembre-se-instaura-el-dia-del-acceso-a-justicia","status":"publish","type":"post","link":"https:\/\/vocesdebaires.com.ar\/index.php\/2023\/06\/16\/cada-25-de-septiembre-se-instaura-el-dia-del-acceso-a-justicia\/","title":{"rendered":"Cada 25 de septiembre, se instaura el \u201cD\u00eda del Acceso a Justicia\u201d"},"content":{"rendered":"<p>En la Legislatura de la Ciudad Aut\u00f3noma de Buenos Aires se aprob\u00f3 el expediente N\u00b0 784 D 2023, de autor\u00eda de la legisladora porte\u00f1a Luc\u00eda Romano, que instaura el 25 de septiembre de cada a\u00f1o como el \u201cD\u00eda del Acceso a Justicia\u201d, en conmemoraci\u00f3n de la fecha en la que la Asamblea General de la ONU adopt\u00f3 la Agenda 2030 para el Desarrollo Sostenible y a la que la Ciudad Aut\u00f3noma de Buenos Aires suscribi\u00f3 formalmente el 9 de agosto de 2016. El acceso a la Justicia debe entenderse como un derecho humano ya que est\u00e1 en su esp\u00edritu que una persona pueda preservar o restablecer una situaci\u00f3n jur\u00eddica perturbada que lesiona o desconoce sus derechos o intereses leg\u00edtimos, anteponiendo la tutela judicial efectiva ante la autoridad judicial competente.<\/p>\n<p>Este concepto forma parte de los pactos internacionales, y tambi\u00e9n de nuestra legislaci\u00f3n nacional y local. En el a\u00f1o 2015 se puso en reconsideraci\u00f3n, cuando los pa\u00edses miembros de la ONU se comprometieron con la Agenda 2030, la cual plantea 17 Objetivos de Desarrollo Sostenible (ODS) y 169 metas. Una de esas intenciones es promover y fortalecer la paz universal y el acceso a la justicia. La legisladora Luc\u00eda Romano se\u00f1al\u00f3 que \u201ctrabajar para garantizar la igualdad de derechos es un deber que tenemos como representantes. Y esto podemos lograrlo a trav\u00e9s de instituciones eficaces, que respondan a las demandas y cumplan con sus compromisos y obligaciones.<\/p>\n<p>En este sentido, promover el acceso a la justicia evita que se avasallen derechos fundamentales reconocidos tanto por la Constituci\u00f3n, como por la ley y acuerdos internacionales\u201d, y resalt\u00f3 que \u201ctal como se\u00f1ala la constituci\u00f3n de la Ciudad Aut\u00f3noma de Buenos Aires en su art\u00edculo 12, el acceso a la justicia no puede estar limitado por razones econ\u00f3micas y es por eso que se establece un sistema de asistencia profesional gratuita y el beneficio de litigar sin gastos\u201d. \u201cHoy en d\u00eda existen diversas y numerosas formas para que una persona pueda reclamar la protecci\u00f3n de un derecho o inter\u00e9s leg\u00edtimo, sin embargo en muchas ocasiones no est\u00e1n lo suficientemente visibilizadas y por eso es necesario darlas a conocer para que lleguen a las personas que pudiesen necesitar de estos mecanismos\u201d remarc\u00f3 la diputada.<\/p>\n<p>Instituir el d\u00eda de acceso a la Justicia, que encuentra su precedente en la Resoluci\u00f3n 30\/2023 del Consejo de la Magistratura de la Ciudad Aut\u00f3noma De Buenos Aires, resulta sumamente necesario para dar a conocer a toda la ciudadan\u00eda las herramientas y mecanismos que los diferentes organismos del Estado brindan para su protecci\u00f3n . En este sentido, la ley dispone que la Autoridad de Aplicaci\u00f3n llevar\u00e1 a cabo actividades y promover\u00e1 acciones tendientes a la difusi\u00f3n y conocimiento de las herramientas y recursos de acceso a justicia, que se encuentran al servicio de la ciudadan\u00eda. Las actividades deber\u00e1n realizarse con una periodicidad tal que les permita a los habitantes de la Ciudad conocer sus derechos.<\/p>\n","protected":false},"excerpt":{"rendered":"<p>En la Legislatura de la Ciudad Aut\u00f3noma de Buenos Aires se aprob\u00f3 el expediente N\u00b0 784 D 2023, de autor\u00eda de la legisladora porte\u00f1a Luc\u00eda Romano, que instaura el 25 de septiembre de cada a\u00f1o como el \u201cD\u00eda del Acceso a Justicia\u201d, en conmemoraci\u00f3n de la fecha en la que la Asamblea General de la [&hellip;]<\/p>\n","protected":false},"author":3,"featured_media":44338,"comment_status":"open","ping_status":"open","sticky":false,"template":"","format":"standard","meta":{"_et_pb_use_builder":"","_et_pb_old_content":"","_et_gb_content_width":"","footnotes":""},"categories":[11,33],"tags":[],"class_list":["post-44337","post","type-post","status-publish","format-standard","has-post-thumbnail","hentry","category-ciudad","category-sociedad-y-cultura-2"],"_links":{"self":[{"href":"https:\/\/vocesdebaires.com.ar\/index.php\/wp-json\/wp\/v2\/posts\/44337"}],"collection":[{"href":"https:\/\/vocesdebaires.com.ar\/index.php\/wp-json\/wp\/v2\/posts"}],"about":[{"href":"https:\/\/vocesdebaires.com.ar\/index.php\/wp-json\/wp\/v2\/types\/post"}],"author":[{"embeddable":true,"href":"https:\/\/vocesdebaires.com.ar\/index.php\/wp-json\/wp\/v2\/users\/3"}],"replies":[{"embeddable":true,"href":"https:\/\/vocesdebaires.com.ar\/index.php\/wp-json\/wp\/v2\/comments?post=44337"}],"version-history":[{"count":1,"href":"https:\/\/vocesdebaires.com.ar\/index.php\/wp-json\/wp\/v2\/posts\/44337\/revisions"}],"predecessor-version":[{"id":44339,"href":"https:\/\/vocesdebaires.com.ar\/index.php\/wp-json\/wp\/v2\/posts\/44337\/revisions\/44339"}],"wp:featuredmedia":[{"embeddable":true,"href":"https:\/\/vocesdebaires.com.ar\/index.php\/wp-json\/wp\/v2\/media\/44338"}],"wp:attachment":[{"href":"https:\/\/vocesdebaires.com.ar\/index.php\/wp-json\/wp\/v2\/media?parent=44337"}],"wp:term":[{"taxonomy":"category","embeddable":true,"href":"https:\/\/vocesdebaires.com.ar\/index.php\/wp-json\/wp\/v2\/categories?post=44337"},{"taxonomy":"post_tag","embeddable":true,"href":"https:\/\/vocesdebaires.com.ar\/index.php\/wp-json\/wp\/v2\/tags?post=44337"}],"curies":[{"name":"wp","href":"https:\/\/api.w.org\/{rel}","templated":true}]}}