{"id":4434,"date":"2019-05-20T03:02:07","date_gmt":"2019-05-20T06:02:07","guid":{"rendered":"http:\/\/vocesdebaires.com.ar\/wordpress\/index.php\/2019\/05\/20\/el-puentecito-es-sitio-de-interes-cultural\/"},"modified":"2019-05-20T03:02:07","modified_gmt":"2019-05-20T06:02:07","slug":"el-puentecito-es-sitio-de-interes-cultural","status":"publish","type":"post","link":"https:\/\/vocesdebaires.com.ar\/index.php\/2019\/05\/20\/el-puentecito-es-sitio-de-interes-cultural\/","title":{"rendered":"El Puentecito es Sitio de Inter\u00e9s Cultural"},"content":{"rendered":"<p>El Cuerpo Parlamentario declar\u00f3\u00a0 la semana pasada\u00a0 \u201cSitio de Inter\u00e9s Cultural de la Ciudad de Buenos Aires\u201d al Restaurante &quot;El Puentecito&quot; ubicado en la calle Vieytes N\u00b0 1895 del barrio de Barracas &#8211; Comuna 4. Adem\u00e1s, dispuso la colocaci\u00f3n de una placa. Hacia el a\u00f1o 1750 ese mismo lugar era una pulper\u00eda, luego despacho de bebidas, almac\u00e9n y finalmente fonda que abri\u00f3 sus puertas en noviembre de 1873, a pocos metros del actual puente Pueyrred\u00f3n, por entonces llamado puente G\u00e1lvez.<\/p>\n<p>En el a\u00f1o 1958 la fonda pas\u00f3 a ser bodeg\u00f3n, luego restaurant y poco a poco fue abriendo sus puertas a toda la familia, pues era el lugar habitual de un p\u00fablico exclusivamente masculino. Desde los balcones que dan a la esquina de las calles Vieytes y Luj\u00e1n, en 1912 Hip\u00f3lito Yrigoyen dio su memorable discurso antes de ser presidente. Tambi\u00e9n, el diputado socialista y boquense Alfredo Palacios eligi\u00f3 este restaurant para pronunciarse. Ra\u00fal Alfons\u00edn es recordado como aquel habitual cliente que jam\u00e1s olvidaba al mozo que lo atend\u00eda, cada vez que visitaba el lugar; incluso siendo presidente de la Naci\u00f3n concurr\u00eda a disfrutar sus platos preferidos.<\/p>\n<p>En sus paredes pueden apreciarse fotograf\u00edas de los m\u00e1s c\u00e9lebres comensales, entre quienes resalta Jorge Mario Bergoglio, el Papa Francisco. Otros fieles clientes fueron el escultor Julio C\u00e9sar Vergottini, el cantor \u00c1ngel Vargas, m\u00e1s conocido como el ruise\u00f1or de las calles porte\u00f1as, diferentes planteles de Racing e Independiente, el actor Norman Briski, Pedrito Rico y Guy Williams, el actor de El Zorro, entre otros.El reconocimiento legislativo fue impulsado por los legisladores Eduardo Santamarina, Omar Ahmed Abboud, H\u00e9ctor Apreda y Carolina Estebarena (VJ) y cont\u00f3 con despacho de la Comisi\u00f3n de Cultura.<\/p>\n<p>50 a\u00f1os de la Base Ant\u00e1rtica Marambio<\/p>\n<p>La Legislatura de la Ciudad Aut\u00f3noma de Buenos Aires conmemora el 50 aniversario de la Fundaci\u00f3n de la Base Ant\u00e1rtica Marambio. El principal punto de apoyo argentino a trav\u00e9s del transporte a\u00e9reo, est\u00e1 situado sobre el mar de Weddell, muy cerca del extremo norte de la pen\u00ednsula Ant\u00e1rtica. Es una meseta generalmente libre de hielos en la parte sudoeste que fuera descubierta por la expedici\u00f3n brit\u00e1nica del capit\u00e1n James Ross en 1843.<\/p>\n<p>Su denominaci\u00f3n constituye un homenaje al piloto de la Fuerza A\u00e9rea Argentina, Gustavo Argentino Marambio, que el 1 de diciembre de 1951 y a bordo de un avi\u00f3n Avro Lincoln, denominado &quot;Cruz del Sur&quot; despeg\u00f3 desde R\u00edo Gallegos con rumbo a la base San Mart\u00edn en bah\u00eda Margarita, en la que arroj\u00f3 correspondencia y elementos de supervivencia. El Vice comodoro Marambio falleci\u00f3 el 12 de octubre de 1953, en un accidente de aviaci\u00f3n en la localidad de Mugueta &#8211; Santa Fe.<\/p>\n<p>El 29 de octubre de 1969 marc\u00f3 un hito importante en la historia de esta parte del territorio nacional y por lo acontecido en ese entonces con la inauguraci\u00f3n de la pista se conmemora el medio siglo de vida. Fue entonces, cuando un avi\u00f3n Fokker F-27 Friendship, matr\u00edcula TC-77 de la FAA, parti\u00f3 de R\u00edo Gallegos directamente a Marambio tripulado por el Vice comodoro Erwin Roberto Kern y llevando a bordo autoridades civiles y militares. Fue la primera aeronave que procedente de otro continente, despegaba y aterrizaba en la Ant\u00e1rtida utilizando tren de aterrizaje convencional, rompiendo el aislamiento que hasta entonces exist\u00eda. La superficie cubierta de la Base supera las dos hect\u00e1reas y su estructura habitacional permite albergar una dotaci\u00f3n permanente de 45 hombres y tambi\u00e9n a la comunidad cient\u00edfica, totalizando en verano alrededor de 200 personas.<\/p>\n<p>La iniciativa de los legisladores\u00a0 Eduardo Antonio Santamarina, Hern\u00e1n Reyes y Gabriel Maximiliano Sahonero (VJ) y recibi\u00f3 despacho favorable de la Comisi\u00f3n asesora de Cultura.Por otra parte, se declar\u00f3 de Inter\u00e9s Cultural de la Ciudad el proyecto multidisciplinario \u201cAl Sur del Sur, Ant\u00e1rtida Argentina\u201d del artista pl\u00e1stico Alberto Morales; compuesto por pinturas de peque\u00f1o y gran formato, obras gr\u00e1ficas (litograf\u00edas, mono copias y serigraf\u00edas), fotograf\u00eda, esculturas y obras p\u00fablicas que logran plasmar otra visi\u00f3n sobre el Continente Ant\u00e1rtico y el Atl\u00e1ntico Sur. El proyecto fue impulsado por el diputado Santiago Roberto (BP).<\/p>\n<p>En recuerdo de Balada para un Loco<\/p>\n<p>En conmemoraci\u00f3n de los 50 a\u00f1os del estreno de la obra &quot;Balada para un Loco&quot; de Astor Piazzolla y Horacio Ferrer, que revolucion\u00f3 el tango interpretado por primera vez por Amelita Baltar con quien qued\u00f3 desde entonces asociada, los legisladores porte\u00f1os por presentaci\u00f3n del legislador Diego Marias (VJ), decidieron colocar una baldosa en la esquina de avenida Callao y Arenales.La balada con ritmo de vals y dos recitados hechos a la medida de la expresividad de Baltar, fue estrenada en Michelangelo y poco despu\u00e9s concurs\u00f3 en el Primer Festival Iberoamericano de la Danza y la Canci\u00f3n que se realiz\u00f3 en el Luna Park de Buenos Aires entre el 9 y el 14 de octubre de 1969. La canci\u00f3n fue editada en sencillo por CBS en noviembre de ese a\u00f1o, con &quot;Chiquil\u00edn de Bach\u00edn&quot; en el lado B, de los mismos autores. Al mes siguiente, RCA edit\u00f3 un sencillo con estos temas cantados por Roberto Goyeneche e interpretados por la Orquesta de Astor Piazzolla. Al primer mes el simple vendi\u00f3 200.000 unidades, transform\u00e1ndose en un \u00e9xito hist\u00f3rico. El tema ha sido incluido entre las 100 mejores canciones latinas de la historia.<\/p>\n","protected":false},"excerpt":{"rendered":"<p>El Cuerpo Parlamentario declar\u00f3\u00a0 la semana pasada\u00a0 \u201cSitio de Inter\u00e9s Cultural de la Ciudad de Buenos Aires\u201d al Restaurante &quot;El Puentecito&quot; ubicado en la calle Vieytes N\u00b0 1895 del barrio de Barracas &#8211; Comuna 4. Adem\u00e1s, dispuso la colocaci\u00f3n de una placa. Hacia el a\u00f1o 1750 ese mismo lugar era una pulper\u00eda, luego despacho de [&hellip;]<\/p>\n","protected":false},"author":1,"featured_media":4435,"comment_status":"open","ping_status":"open","sticky":false,"template":"","format":"standard","meta":{"_et_pb_use_builder":"","_et_pb_old_content":"","_et_gb_content_width":"","footnotes":""},"categories":[11,32],"tags":[],"class_list":["post-4434","post","type-post","status-publish","format-standard","has-post-thumbnail","hentry","category-ciudad","category-comunas"],"_links":{"self":[{"href":"https:\/\/vocesdebaires.com.ar\/index.php\/wp-json\/wp\/v2\/posts\/4434"}],"collection":[{"href":"https:\/\/vocesdebaires.com.ar\/index.php\/wp-json\/wp\/v2\/posts"}],"about":[{"href":"https:\/\/vocesdebaires.com.ar\/index.php\/wp-json\/wp\/v2\/types\/post"}],"author":[{"embeddable":true,"href":"https:\/\/vocesdebaires.com.ar\/index.php\/wp-json\/wp\/v2\/users\/1"}],"replies":[{"embeddable":true,"href":"https:\/\/vocesdebaires.com.ar\/index.php\/wp-json\/wp\/v2\/comments?post=4434"}],"version-history":[{"count":0,"href":"https:\/\/vocesdebaires.com.ar\/index.php\/wp-json\/wp\/v2\/posts\/4434\/revisions"}],"wp:featuredmedia":[{"embeddable":true,"href":"https:\/\/vocesdebaires.com.ar\/index.php\/wp-json\/wp\/v2\/media\/4435"}],"wp:attachment":[{"href":"https:\/\/vocesdebaires.com.ar\/index.php\/wp-json\/wp\/v2\/media?parent=4434"}],"wp:term":[{"taxonomy":"category","embeddable":true,"href":"https:\/\/vocesdebaires.com.ar\/index.php\/wp-json\/wp\/v2\/categories?post=4434"},{"taxonomy":"post_tag","embeddable":true,"href":"https:\/\/vocesdebaires.com.ar\/index.php\/wp-json\/wp\/v2\/tags?post=4434"}],"curies":[{"name":"wp","href":"https:\/\/api.w.org\/{rel}","templated":true}]}}