{"id":44348,"date":"2023-06-16T12:54:58","date_gmt":"2023-06-16T15:54:58","guid":{"rendered":"https:\/\/vocesdebaires.com.ar\/?p=44348"},"modified":"2023-06-16T12:54:58","modified_gmt":"2023-06-16T15:54:58","slug":"legislaturacultura-gabriel-machado-nueva-personalidad-destacada","status":"publish","type":"post","link":"https:\/\/vocesdebaires.com.ar\/index.php\/2023\/06\/16\/legislaturacultura-gabriel-machado-nueva-personalidad-destacada\/","title":{"rendered":"Legislatura:Cultura Gabriel Machado, nueva Personalidad Destacada"},"content":{"rendered":"<p>El Cuerpo Legislativo de la Ciudad declar\u00f3 como Personalidad Destacada en el \u00e1mbito de la Cultura al fot\u00f3grafo y artista visual Gabriel Machado. El acto se desarroll\u00f3 en el Sal\u00f3n Dorado del Palacio Legislativo y cont\u00f3 con la presencia del legislador`porte\u00f1o y autor del proyecto Roy Cortina, el Ministro de Cultura de la Ciudad Enrique Avogadro, el homenajeado y la modelo Valeria Mazza.<\/p>\n<p>En el inicio de las alocuciones, Cortina subray\u00f3 la importancia de destacar la labor fotogr\u00e1fica \u201ccomo parte de un engranaje fundamental\u201d de nuestra cultura. Luego estableci\u00f3 que Machado trascendi\u00f3 fronteras de todo tipo. Y destac\u00f3: \u201cCuando uno ve su obra de 30 a\u00f1os de trayectoria, parece una locura poder encontrar a toda las personalidades del mundo art\u00edstico argentino condensadas en su trabajo. Retratadas con un talento particular, que lo consolid\u00f3 como el querido fot\u00f3grafo de las estrellas\u201d.<\/p>\n<p>Luego, Machado declar\u00f3: \u201cGracias a todos por estar y tomarse un tiempo para compartir este momento. Parte de mi vida est\u00e1 ac\u00e1 y que suerte que a m\u00ed me toc\u00f3 ser yo\u201d. A su vez, Avogadro resalt\u00f3: \u201cEsa capacidad de capturar la mirada hace que tengamos ese firmamento de estrellas, que las necesitamos y nos permite so\u00f1ar\u201d. Despu\u00e9s se emiti\u00f3 un video, en el cual diferentes celebridades saludaron a Machado, entre las que estaban Natalia Oreiro, Luciano C\u00e1ceres, Lucila Polak, Laurita Fern\u00e1ndez, Nancy Dupl\u00e1a, Susana Gim\u00e9nez, Dar\u00edo Barassi, Mariana Fabbiani, Momi Giardina, Guille Zapata, Zaira Nara y Nacha Guevara.<\/p>\n<p>Finalmente Mazza dijo: \u201cTu talento es innegable para quienes pudimos disfrutar de tus gritos y tu buena onda. Tenes una mirada diferente y haces todo m\u00e1s bello y quiero reconocer tu luz, en la que brillamos cuando estamos frente a tu c\u00e1mara\u201d. Gabriel Machado es uno de los fot\u00f3grafos m\u00e1s notables y representativos de nuestro pa\u00eds. Con una trayectoria de tres d\u00e9cadas como profesional de la imagen, su lente se ha convertido en una marca registrada, valorada no solo por la industria publicitaria sino tambi\u00e9n por las grandes personalidades de nuestra cultura.<\/p>\n<p>La carrera de Machado fue en crecimiento y r\u00e1pidamente gan\u00f3 popularidad. Con su obturador captur\u00f3 a todas las personalidades del mundo art\u00edstico y cultural de nuestro pa\u00eds, siendo autor de los m\u00e1s destacados retratos de Susana Gim\u00e9nez, Nacha Guevara, Valeria Mazza, Natalia Oreiro, Araceli Gonz\u00e1lez, Adri\u00e1n Suar, la China Su\u00e1rez, Carolina \u201cPampita\u201d Ardohain, Lali Esp\u00f3sito, Mariano Mart\u00ednez, Carla Peterson y Pablo Echarri, solo por nombrar algunos de ellos. El alcance de su trabajo y talento ha obtenido reconocimiento internacional. Ha retratado a grandes estrellas de Hollywood, como la modelo Kate Moss, los actores Al Pacino, John Travolta y Antonio Banderas, o la cantante Cher.<\/p>\n","protected":false},"excerpt":{"rendered":"<p>El Cuerpo Legislativo de la Ciudad declar\u00f3 como Personalidad Destacada en el \u00e1mbito de la Cultura al fot\u00f3grafo y artista visual Gabriel Machado. El acto se desarroll\u00f3 en el Sal\u00f3n Dorado del Palacio Legislativo y cont\u00f3 con la presencia del legislador`porte\u00f1o y autor del proyecto Roy Cortina, el Ministro de Cultura de la Ciudad Enrique [&hellip;]<\/p>\n","protected":false},"author":2,"featured_media":44349,"comment_status":"open","ping_status":"open","sticky":false,"template":"","format":"standard","meta":{"_et_pb_use_builder":"","_et_pb_old_content":"","_et_gb_content_width":"","footnotes":""},"categories":[11,33],"tags":[],"class_list":["post-44348","post","type-post","status-publish","format-standard","has-post-thumbnail","hentry","category-ciudad","category-sociedad-y-cultura-2"],"_links":{"self":[{"href":"https:\/\/vocesdebaires.com.ar\/index.php\/wp-json\/wp\/v2\/posts\/44348"}],"collection":[{"href":"https:\/\/vocesdebaires.com.ar\/index.php\/wp-json\/wp\/v2\/posts"}],"about":[{"href":"https:\/\/vocesdebaires.com.ar\/index.php\/wp-json\/wp\/v2\/types\/post"}],"author":[{"embeddable":true,"href":"https:\/\/vocesdebaires.com.ar\/index.php\/wp-json\/wp\/v2\/users\/2"}],"replies":[{"embeddable":true,"href":"https:\/\/vocesdebaires.com.ar\/index.php\/wp-json\/wp\/v2\/comments?post=44348"}],"version-history":[{"count":1,"href":"https:\/\/vocesdebaires.com.ar\/index.php\/wp-json\/wp\/v2\/posts\/44348\/revisions"}],"predecessor-version":[{"id":44350,"href":"https:\/\/vocesdebaires.com.ar\/index.php\/wp-json\/wp\/v2\/posts\/44348\/revisions\/44350"}],"wp:featuredmedia":[{"embeddable":true,"href":"https:\/\/vocesdebaires.com.ar\/index.php\/wp-json\/wp\/v2\/media\/44349"}],"wp:attachment":[{"href":"https:\/\/vocesdebaires.com.ar\/index.php\/wp-json\/wp\/v2\/media?parent=44348"}],"wp:term":[{"taxonomy":"category","embeddable":true,"href":"https:\/\/vocesdebaires.com.ar\/index.php\/wp-json\/wp\/v2\/categories?post=44348"},{"taxonomy":"post_tag","embeddable":true,"href":"https:\/\/vocesdebaires.com.ar\/index.php\/wp-json\/wp\/v2\/tags?post=44348"}],"curies":[{"name":"wp","href":"https:\/\/api.w.org\/{rel}","templated":true}]}}