{"id":444,"date":"2021-01-11T03:00:00","date_gmt":"2021-01-11T06:00:00","guid":{"rendered":"http:\/\/vocesdebaires.com.ar\/wordpress\/index.php\/2021\/01\/11\/la-situacion-en-ciudad-y-las-nuevas-medidas\/"},"modified":"2021-01-11T03:00:00","modified_gmt":"2021-01-11T06:00:00","slug":"la-situacion-en-ciudad-y-las-nuevas-medidas","status":"publish","type":"post","link":"https:\/\/vocesdebaires.com.ar\/index.php\/2021\/01\/11\/la-situacion-en-ciudad-y-las-nuevas-medidas\/","title":{"rendered":"La Situaci\u00f3n en Ciudad y las nuevas medidas"},"content":{"rendered":"<p>Ante la suba de casos de Covid-19 en la Ciudad en las \u00faltimas semanas, el Gobierno porte\u00f1o anunci\u00f3 nuevas medidas para reducir la curva de contagios, que rigen desde la 0 hora desde ayer domingo 10 de enero: Se reduce de 20 a 10 la cantidad de personas en los encuentros sociales tanto en espacios abiertos como cerrados. Los comercios y locales gastron\u00f3micos deben cerrar entre la 1 y las 6, a excepci\u00f3n de las farmacias. El transporte p\u00fablico sigue quedando reservado para los trabajadores que cumplen tareas esenciales y para aquellos que ya tienen el permiso para usarlo. No se avanzar\u00e1 con la restricci\u00f3n a la circulaci\u00f3n.<\/p>\n","protected":false},"excerpt":{"rendered":"<p>Ante la suba de casos de Covid-19 en la Ciudad en las \u00faltimas semanas, el Gobierno porte\u00f1o anunci\u00f3 nuevas medidas para reducir la curva de contagios, que rigen desde la 0 hora desde ayer domingo 10 de enero: Se reduce de 20 a 10 la cantidad de personas en los encuentros sociales tanto en espacios [&hellip;]<\/p>\n","protected":false},"author":1,"featured_media":0,"comment_status":"open","ping_status":"open","sticky":false,"template":"","format":"standard","meta":{"_et_pb_use_builder":"","_et_pb_old_content":"","_et_gb_content_width":"","footnotes":""},"categories":[11,32],"tags":[],"class_list":["post-444","post","type-post","status-publish","format-standard","hentry","category-ciudad","category-comunas"],"_links":{"self":[{"href":"https:\/\/vocesdebaires.com.ar\/index.php\/wp-json\/wp\/v2\/posts\/444"}],"collection":[{"href":"https:\/\/vocesdebaires.com.ar\/index.php\/wp-json\/wp\/v2\/posts"}],"about":[{"href":"https:\/\/vocesdebaires.com.ar\/index.php\/wp-json\/wp\/v2\/types\/post"}],"author":[{"embeddable":true,"href":"https:\/\/vocesdebaires.com.ar\/index.php\/wp-json\/wp\/v2\/users\/1"}],"replies":[{"embeddable":true,"href":"https:\/\/vocesdebaires.com.ar\/index.php\/wp-json\/wp\/v2\/comments?post=444"}],"version-history":[{"count":0,"href":"https:\/\/vocesdebaires.com.ar\/index.php\/wp-json\/wp\/v2\/posts\/444\/revisions"}],"wp:attachment":[{"href":"https:\/\/vocesdebaires.com.ar\/index.php\/wp-json\/wp\/v2\/media?parent=444"}],"wp:term":[{"taxonomy":"category","embeddable":true,"href":"https:\/\/vocesdebaires.com.ar\/index.php\/wp-json\/wp\/v2\/categories?post=444"},{"taxonomy":"post_tag","embeddable":true,"href":"https:\/\/vocesdebaires.com.ar\/index.php\/wp-json\/wp\/v2\/tags?post=444"}],"curies":[{"name":"wp","href":"https:\/\/api.w.org\/{rel}","templated":true}]}}