{"id":44622,"date":"2023-07-06T00:41:11","date_gmt":"2023-07-06T03:41:11","guid":{"rendered":"https:\/\/vocesdebaires.com.ar\/?p=44622"},"modified":"2023-07-06T00:41:11","modified_gmt":"2023-07-06T03:41:11","slug":"el-cuerpo-legislativoreconocio-al-libro-el-diseno-del-mundo","status":"publish","type":"post","link":"https:\/\/vocesdebaires.com.ar\/index.php\/2023\/07\/06\/el-cuerpo-legislativoreconocio-al-libro-el-diseno-del-mundo\/","title":{"rendered":"El cuerpo legislativo:Reconoci\u00f3 al libro \u201cEl dise\u00f1o del mundo\u201d"},"content":{"rendered":"<p>En el sal\u00f3n San Mart\u00edn fue el escenario para el acto de distinci\u00f3n a la obra \u201cEl dise\u00f1o del mundo\u201d, del cual participaron el legislador y creador del proyecto Dar\u00edo Nieto, y el autor del libro Franco Pellegrini. \u201cMe parece que es hora de que la pol\u00edtica y los pol\u00edticos pongan de vuelta estos temas en la agenda, de que hablemos de los cambios que se vienen\u201d, estableci\u00f3 el legislador porte\u00f1o Nieto, en relaci\u00f3n a tem\u00e1ticas como la evoluci\u00f3n y la tecnolog\u00eda y que son parte \u201cdel dise\u00f1o del mundo\u201d. Por su lado, Pellegrini declar\u00f3: \u201cLa vida o todas las experiencias est\u00e1n compuestas por fotogramas. Y este libro est\u00e1 compuesto por peque\u00f1as fotos.<\/p>\n<p>Cada uno de esos momentos y seguramente cada una de las relaciones e interacciones que tuve con muchas de las personas que est\u00e1n ac\u00e1, fueron parte de lo que est\u00e1 en este libro\u201d. El escrito nos familiariza con el \u201cdise\u00f1o\u201d, concepto esquivo que se suele asociar muchas veces con la est\u00e9tica de lo que se considera \u201cbello\u201d y no lo funcional. Sin embargo, esta relaci\u00f3n autom\u00e1tica que hacemos no siempre es correcta. De acuerdo con el autor, dise\u00f1ar implica, en su estado m\u00e1s puro y elemental, buscar una soluci\u00f3n para un problema, ya sea simple o complejo.<\/p>\n<p>En esta l\u00ednea, el libro postula que el dise\u00f1o est\u00e1 en todo y que todos somos dise\u00f1adores. No es necesario haber estudiado una carrera de dise\u00f1o para aplicarlo en nuestro d\u00eda a d\u00eda. Por ejemplo, c\u00f3mo vestirse, qu\u00e9 m\u00e9todo usar para preparar un caf\u00e9, qu\u00e9 recorrido elegir para ir al trabajo, c\u00f3mo organizar una presentaci\u00f3n, cu\u00e1l es la estrategia de marketing adecuada para un producto, c\u00f3mo escribir un libro, como armar un emprendimiento o planificar una campa\u00f1a pol\u00edtica. Es m\u00e1s, seg\u00fan Pellegrini, casi todo lo que hacemos puede se puede problematizar para resolverse mediante un proceso de dise\u00f1o, consciente o inconscientemente, encontrando una soluci\u00f3n t\u00e1ctica o estrat\u00e9gica.<\/p>\n","protected":false},"excerpt":{"rendered":"<p>En el sal\u00f3n San Mart\u00edn fue el escenario para el acto de distinci\u00f3n a la obra \u201cEl dise\u00f1o del mundo\u201d, del cual participaron el legislador y creador del proyecto Dar\u00edo Nieto, y el autor del libro Franco Pellegrini. \u201cMe parece que es hora de que la pol\u00edtica y los pol\u00edticos pongan de vuelta estos temas [&hellip;]<\/p>\n","protected":false},"author":2,"featured_media":44623,"comment_status":"open","ping_status":"open","sticky":false,"template":"","format":"standard","meta":{"_et_pb_use_builder":"","_et_pb_old_content":"","_et_gb_content_width":"","footnotes":""},"categories":[11,33],"tags":[],"class_list":["post-44622","post","type-post","status-publish","format-standard","has-post-thumbnail","hentry","category-ciudad","category-sociedad-y-cultura-2"],"_links":{"self":[{"href":"https:\/\/vocesdebaires.com.ar\/index.php\/wp-json\/wp\/v2\/posts\/44622"}],"collection":[{"href":"https:\/\/vocesdebaires.com.ar\/index.php\/wp-json\/wp\/v2\/posts"}],"about":[{"href":"https:\/\/vocesdebaires.com.ar\/index.php\/wp-json\/wp\/v2\/types\/post"}],"author":[{"embeddable":true,"href":"https:\/\/vocesdebaires.com.ar\/index.php\/wp-json\/wp\/v2\/users\/2"}],"replies":[{"embeddable":true,"href":"https:\/\/vocesdebaires.com.ar\/index.php\/wp-json\/wp\/v2\/comments?post=44622"}],"version-history":[{"count":1,"href":"https:\/\/vocesdebaires.com.ar\/index.php\/wp-json\/wp\/v2\/posts\/44622\/revisions"}],"predecessor-version":[{"id":44624,"href":"https:\/\/vocesdebaires.com.ar\/index.php\/wp-json\/wp\/v2\/posts\/44622\/revisions\/44624"}],"wp:featuredmedia":[{"embeddable":true,"href":"https:\/\/vocesdebaires.com.ar\/index.php\/wp-json\/wp\/v2\/media\/44623"}],"wp:attachment":[{"href":"https:\/\/vocesdebaires.com.ar\/index.php\/wp-json\/wp\/v2\/media?parent=44622"}],"wp:term":[{"taxonomy":"category","embeddable":true,"href":"https:\/\/vocesdebaires.com.ar\/index.php\/wp-json\/wp\/v2\/categories?post=44622"},{"taxonomy":"post_tag","embeddable":true,"href":"https:\/\/vocesdebaires.com.ar\/index.php\/wp-json\/wp\/v2\/tags?post=44622"}],"curies":[{"name":"wp","href":"https:\/\/api.w.org\/{rel}","templated":true}]}}