{"id":44625,"date":"2023-07-06T00:43:03","date_gmt":"2023-07-06T03:43:03","guid":{"rendered":"https:\/\/vocesdebaires.com.ar\/?p=44625"},"modified":"2023-07-06T00:43:03","modified_gmt":"2023-07-06T03:43:03","slug":"la-legislatura-portenareconocio-a-la-fundacion-fanda","status":"publish","type":"post","link":"https:\/\/vocesdebaires.com.ar\/index.php\/2023\/07\/06\/la-legislatura-portenareconocio-a-la-fundacion-fanda\/","title":{"rendered":"La Legislatura porte\u00f1a:Reconoci\u00f3 a la Fundaci\u00f3n FANDA"},"content":{"rendered":"<p>El acto se llev\u00f3 a cabo en el Sal\u00f3n Montevideo y tuvo la presencia de la legisladora y autora del proyecto Mar\u00eda Luisa Gonz\u00e1lez Estevarena, el conductor televisivo Juli\u00e1n Weich, el ingeniero en sistemas y \u00fanico triatleta sordociego en ser Ironman en el mundo Mart\u00edn Klemenchuzky y las vicepresidentas y presidentas de dicha entidad Flavia Andrea Ruggiero y Luisa Emilia Romano, respectivamente.<\/p>\n<p>En el comienzo de las alocuciones, Gonz\u00e1lez Estevarena celebr\u00f3 y reconoci\u00f3 \u201cel valioso trabajo\u201d hecho por FUNDA. Y destac\u00f3: \u201cLa Fundaci\u00f3n FANDA es un faro de esperanza para aquellos que han enfrentado la realidad de tener a un ser querido con una discapacidad auditiva. Nos inspira a ser mejores y a seguir trabajando juntos para construir una sociedad m\u00e1s inclusiva y solidaria\u201d.<\/p>\n<p>Luego, Romano resalt\u00f3: \u201cMuchas gracias a la diputada y a toda la Legislatura por habernos elegido para este reconocimiento, siendo el primero de origen gubernamental y despu\u00e9s de 35 a\u00f1os de desarrollo institucional\u201d. Finalmente Klemenchuzky record\u00f3 c\u00f3mo conoci\u00f3 a FANDA y sum\u00f3: \u201cFui testigo de todo el esfuerzo contra viento y marea que ten\u00edan que hacer para conseguir los recursos necesarios, que son demasiados y son para ayudar a todos los chicos con discapacidad auditiva\u201d.<\/p>\n<p>Y Weich concluy\u00f3: \u201cUn chico que puede escuchar puede ser educado de una manera m\u00e1s natural y f\u00e1cil y puede aprender a hablar. Todas estas cosas que son obvias, a veces no pasa. Reivindico lo que hace FANDA, somos de los que pensamos en el bien com\u00fan y FANDA es una instituci\u00f3n que merece ser escuchada\u201d. Dicha instituci\u00f3n tiene como objetivo colaborar en el tratamiento de beb\u00e9s, ni\u00f1os, ni\u00f1as y j\u00f3venes de 0 a 18 a\u00f1os con discapacidad auditiva. En la actualidad la Fundaci\u00f3n lleva como logros m\u00e1s de 9.500 ni\u00f1os atendidos, m\u00e1s de 14.000 aud\u00edfonos y alrededor de m\u00e1s de 11.000 pilas entregadas gracias a sus programas de donaciones.<\/p>\n<p>Cuentan con un equipo de profesionales que trabaja de manera interdisciplinaria, reuni\u00e9ndose todos los meses para hablar de cada ni\u00f1o y as\u00ed poder ajustar o reafirmar su tratamiento. Es por eso que se dice que el trabajo es completamente personalizado y diferente para cada paciente. La familia es fundamental en este proceso para poder llegar a cumplir los objetivos propuestos, desde la Fundaci\u00f3n se les brinda completa contenci\u00f3n y herramientas para lograr una comunicaci\u00f3n accesible entre el ni\u00f1o y su familia. Todo este trabajo se encuentra alineado a la Convenci\u00f3n de los Derechos de las Personas con Discapacidad.<\/p>\n","protected":false},"excerpt":{"rendered":"<p>El acto se llev\u00f3 a cabo en el Sal\u00f3n Montevideo y tuvo la presencia de la legisladora y autora del proyecto Mar\u00eda Luisa Gonz\u00e1lez Estevarena, el conductor televisivo Juli\u00e1n Weich, el ingeniero en sistemas y \u00fanico triatleta sordociego en ser Ironman en el mundo Mart\u00edn Klemenchuzky y las vicepresidentas y presidentas de dicha entidad Flavia [&hellip;]<\/p>\n","protected":false},"author":2,"featured_media":44626,"comment_status":"open","ping_status":"open","sticky":false,"template":"","format":"standard","meta":{"_et_pb_use_builder":"","_et_pb_old_content":"","_et_gb_content_width":"","footnotes":""},"categories":[11,33],"tags":[],"class_list":["post-44625","post","type-post","status-publish","format-standard","has-post-thumbnail","hentry","category-ciudad","category-sociedad-y-cultura-2"],"_links":{"self":[{"href":"https:\/\/vocesdebaires.com.ar\/index.php\/wp-json\/wp\/v2\/posts\/44625"}],"collection":[{"href":"https:\/\/vocesdebaires.com.ar\/index.php\/wp-json\/wp\/v2\/posts"}],"about":[{"href":"https:\/\/vocesdebaires.com.ar\/index.php\/wp-json\/wp\/v2\/types\/post"}],"author":[{"embeddable":true,"href":"https:\/\/vocesdebaires.com.ar\/index.php\/wp-json\/wp\/v2\/users\/2"}],"replies":[{"embeddable":true,"href":"https:\/\/vocesdebaires.com.ar\/index.php\/wp-json\/wp\/v2\/comments?post=44625"}],"version-history":[{"count":1,"href":"https:\/\/vocesdebaires.com.ar\/index.php\/wp-json\/wp\/v2\/posts\/44625\/revisions"}],"predecessor-version":[{"id":44627,"href":"https:\/\/vocesdebaires.com.ar\/index.php\/wp-json\/wp\/v2\/posts\/44625\/revisions\/44627"}],"wp:featuredmedia":[{"embeddable":true,"href":"https:\/\/vocesdebaires.com.ar\/index.php\/wp-json\/wp\/v2\/media\/44626"}],"wp:attachment":[{"href":"https:\/\/vocesdebaires.com.ar\/index.php\/wp-json\/wp\/v2\/media?parent=44625"}],"wp:term":[{"taxonomy":"category","embeddable":true,"href":"https:\/\/vocesdebaires.com.ar\/index.php\/wp-json\/wp\/v2\/categories?post=44625"},{"taxonomy":"post_tag","embeddable":true,"href":"https:\/\/vocesdebaires.com.ar\/index.php\/wp-json\/wp\/v2\/tags?post=44625"}],"curies":[{"name":"wp","href":"https:\/\/api.w.org\/{rel}","templated":true}]}}